{"id":9783,"date":"2018-10-28T15:56:42","date_gmt":"2018-10-28T22:56:42","guid":{"rendered":"http:\/\/13.53.127.146\/?p=9783"},"modified":"2020-12-13T16:40:02","modified_gmt":"2020-12-14T00:40:02","slug":"asukkaana-trump-towerissa","status":"publish","type":"post","link":"https:\/\/www.vuosiamaailmalla.fi\/blog\/2018\/asukkaana-trump-towerissa\/","title":{"rendered":"Asukkaana Trump Towerissa"},"content":{"rendered":"<p style=\"text-align: justify;\">Kuluva vuosi on ollut j\u00e4lleen\u00a0<a title=\"12 vuotta maailmalla\" href=\"https:\/\/www.vuosiamaailmalla.fi\/?p=9771\">monien\u00a0muutosten aikaa<\/a>. Yksi merkitt\u00e4vimmist\u00e4 muutoksista tapahtui kes\u00e4ll\u00e4, kun jouduimme valitettavasti muuttamaan upeasta Burnabyn kattohuoneistostamme hieman yli kahden vuoden asumisen j\u00e4lkeen, asunnon menty\u00e4 kaupaksi kev\u00e4\u00e4ll\u00e4. Koska tiesimme muuton olevan edess\u00e4, aloimmekin kiertelem\u00e4\u00e4n asunton\u00e4yt\u00f6iss\u00e4 jo kev\u00e4\u00e4ll\u00e4. Valitettavasti <a title=\"Provinssi tuli vuokralaisten avuksi\" href=\"https:\/\/www.vuosiamaailmalla.fi\/?p=9391\">tilanne vuokramarkkinoilla<\/a> on kuitenkin aiempaakin heikompi ja emme l\u00f6yt\u00e4neet mit\u00e4\u00e4n mist\u00e4 olisi halunnut maksaa niist\u00e4 pyydettyj\u00e4 hintoja. \ud83d\ude15<\/p>\n<p><!--more--><\/p>\n<p style=\"text-align: justify;\">Aikarajan h\u00e4\u00e4m\u00f6tt\u00e4ess\u00e4 meid\u00e4n pitikin vain tehd\u00e4 ratkaisu ja niinp\u00e4 p\u00e4\u00e4timme j\u00e4lleen kerran pakata huonekalumme varastoon ja muuttaa kalustettuun v\u00e4liaikaisasuntoon. N\u00e4in teimme my\u00f6s samaisessa tilanteessa vuonna 2015, jolloin meid\u00e4n piti muuttaa upeasta pilvenpiirt\u00e4j\u00e4asunnostamme asunnon myynnin j\u00e4lkeen samalla, kun min\u00e4 p\u00e4\u00e4tin\u00a0<a title=\"Sapatin loppu\" href=\"https:\/\/www.vuosiamaailmalla.fi\/?p=8186\">pit\u00e4\u00e4 sapattia<\/a>. Tuolloin asuimme yhteens\u00e4 vuoden ajan pieness\u00e4 ja edullisessa <a title=\"V\u00e4liaikaista asumista\" href=\"https:\/\/www.vuosiamaailmalla.fi\/?p=6171\">v\u00e4liaikaisasunnossa<\/a>, joka ajoi teht\u00e4v\u00e4ns\u00e4 tilap\u00e4isen\u00e4 kotina.<\/p>\n<p style=\"text-align: justify;\">Muistamme kuitenkin hyvin, miten pieni tila sek\u00e4 pienet asiat kuten ilmastoinnin puute kypsyttiv\u00e4t (kirjaimellisesti) <a title=\"Nelj\u00e4n kuukauden kuivuus\" href=\"https:\/\/www.vuosiamaailmalla.fi\/?p=7141\">kuuman kes\u00e4n<\/a> aikana, joten halusimme t\u00e4ll\u00e4 kertaa varautua asiaan paremmin. Koska kyseess\u00e4 olisi v\u00e4liaikainen asunto, halusimme my\u00f6s kokeilla jotain pient\u00e4 erityist\u00e4 ja niinp\u00e4 pari kalustettua asuntoa n\u00e4hty\u00e4mme kirjoitimme vuokrasopimuksen ydinkeskustan yleellisess\u00e4 <em>Trump Towerissa<\/em>.<\/p>\n<p style=\"text-align: center;\"><a href=\"\/blog\/wp-content\/uploads\/2018\/trump_tower_hi-res1.jpg\"><img decoding=\"async\" src=\"\/blog\/wp-content\/uploads\/2018\/thumbs\/thumbs_trump_tower_hi-res1.jpg\" \/><\/a><a href=\"\/blog\/wp-content\/uploads\/2018\/shangri-la_3.jpg\"><img decoding=\"async\" src=\"\/blog\/wp-content\/uploads\/2018\/thumbs\/thumbs_shangri-la_3.jpg\" \/><\/a><a href=\"\/blog\/wp-content\/uploads\/2018\/trump_tower_hi-res2.jpg\"><img decoding=\"async\" src=\"\/blog\/wp-content\/uploads\/2018\/thumbs\/thumbs_trump_tower_hi-res2.jpg\" \/><\/a><\/p>\n<p style=\"text-align: center;\"><em>Vancouverin kaksi yleellisint\u00e4 osoitetta<\/em><\/p>\n<p style=\"text-align: justify;\">Vuonna 2017 valmistunut 188 metri\u00e4 ja <a title=\"Hulluttelua Trump Towerin huipulla\" href=\"https:\/\/www.vuosiamaailmalla.fi\/?p=6482\">63 kerrosta korkea<\/a>\u00a0rakennus, jonka koko nimi on\u00a0<em>Trump International Hotel &amp; Tower Vancouver<\/em>, on Vancouverin <a title=\"Kilpailu korkeimmasta pilvenpiirt\u00e4j\u00e4st\u00e4\" href=\"https:\/\/www.vuosiamaailmalla.fi\/?p=11013\">toiseksi korkein rakennus<\/a> ja yksi prameimmista osoitteista. Korkea pilvenpiirt\u00e4j\u00e4 sijaitsee arvokkaalla Coal Harbourin alueella ja rakennuksen erikoisuus on sen kaartuminen 45 astetta matkalla huipulle. Tornin kaksikymment\u00e4 alinta kerrosta ovat\u00a0<a title=\"Kanada sulattelee USA:n vaalitulosta\" href=\"https:\/\/www.vuosiamaailmalla.fi\/?p=8606\">presidentti Donald Trumpin<\/a>\u00a0operoiman viiden t\u00e4hden hotellin tiloja, t\u00e4t\u00e4 ylempien kerrosten ollessa luksusasuntoja.<\/p>\n<p style=\"text-align: center;\"><a href=\"\/blog\/wp-content\/uploads\/2018\/trump_tower6.jpg\"><img decoding=\"async\" src=\"\/blog\/wp-content\/uploads\/2018\/thumbs\/thumbs_trump_tower6.jpg\" \/><\/a><a href=\"\/blog\/wp-content\/uploads\/2018\/trump_tower4.jpg\"><img decoding=\"async\" src=\"\/blog\/wp-content\/uploads\/2018\/thumbs\/thumbs_trump_tower4.jpg\" \/><\/a><a href=\"\/blog\/wp-content\/uploads\/2018\/trump_tower5.jpg\"><img decoding=\"async\" src=\"\/blog\/wp-content\/uploads\/2018\/thumbs\/thumbs_trump_tower5.jpg\" \/><\/a><\/p>\n<p style=\"text-align: center;\"><em>Kaartuva muoto kiinnitt\u00e4\u00e4 huomiota<\/em><\/p>\n<p style=\"text-align: justify;\">Nykyisess\u00e4 kiistanalaisessa ilmapiiriss\u00e4 Trumpin nimi onkin aiheuttanut runsaasti mielipahaa liberaalissa Vancouverissa ja jopa kaupungin ep\u00e4suosittu pormestari ker\u00e4ili some-pisteit\u00e4 vaatimalla nimen poistamista katukuvasta. Hotellin p\u00e4\u00e4sis\u00e4\u00e4nk\u00e4ynnin yl\u00e4puolella nimitt\u00e4in roikkuvat j\u00e4ttim\u00e4iset kirjaimet TRUMP, mik\u00e4 on tehnyt hotellin edustasta suositun selfie-paikan ja Trumpin astuessa virkaansa vuonna 2016, hotellin edustalla n\u00e4htiin my\u00f6s h\u00f6rh\u00f6joukkojen mielenosoituksia.<\/p>\n<p style=\"text-align: center;\"><a href=\"\/blog\/wp-content\/uploads\/2018\/trump_tower1.jpg\"><img decoding=\"async\" src=\"\/blog\/wp-content\/uploads\/2018\/thumbs\/thumbs_trump_tower1.jpg\" \/><\/a><a href=\"\/blog\/wp-content\/uploads\/2018\/trump_tower3.jpg\"><img decoding=\"async\" src=\"\/blog\/wp-content\/uploads\/2018\/thumbs\/thumbs_trump_tower3.jpg\" \/><\/a><a href=\"\/blog\/wp-content\/uploads\/2018\/trump_tower2.jpg\"><img decoding=\"async\" src=\"\/blog\/wp-content\/uploads\/2018\/thumbs\/thumbs_trump_tower2.jpg\" \/><\/a><\/p>\n<p style=\"text-align: center;\"><em>Joitakin j\u00e4rkytt\u00e4v\u00e4t kirjaimet<\/em><\/p>\n<p style=\"text-align: justify;\">Monenlaista suvaitsemattomuutta on siis riitt\u00e4nyt vain harvan ymm\u00e4rt\u00e4ess\u00e4, ettei pilvenpiirt\u00e4j\u00e4 ole Trumpin omistama tai edes rakennuttama. Hotelliketju vain lisenssoi nimens\u00e4 asuintornille ja on vuokralaisena tiloissa, ilman sen enempi\u00e4 kytk\u00f6ksi\u00e4 mihink\u00e4\u00e4n. Donald Trump k\u00e4vi henkil\u00f6kohtaisesti Vancouverissa <a title=\"Trump tuli Vancouveriin\" href=\"https:\/\/www.vuosiamaailmalla.fi\/?p=2137\">projektin julkistuksen aikaan<\/a>, mutta rakennust\u00f6iden valmistumista valvoivat t\u00e4m\u00e4n lapset, jotka ovat mukana is\u00e4ns\u00e4 yritystoiminnassa.<\/p>\n<p style=\"text-align: justify;\">Olemme asuneet Vancouverin vuosiemme aikana monenlaisissa asunnoissa, mutta Trump Tower on aivan omalla tasollaan. Aulapalvelut ovat erinomaiset, hissit k\u00e4sitt\u00e4m\u00e4tt\u00f6m\u00e4n nopeat ja huoneistojen varustelu huipputasoa. Asunnoissa kaikki toimii s\u00e4hk\u00f6ll\u00e4 ja et\u00e4ohjauksella, kuten verhot, uunin luukku ja j\u00e4\u00e4kaapin hyllytkin &#8211; niin t\u00e4rke\u00e4\u00e4 kuin se onkin. Kaikki kodinkoneet ovat eurooppalaisia huippumerkkej\u00e4 ja kylpyhuone on sisustettu italialaisella marmorilla sek\u00e4 design-suihkulla.<\/p>\n<p style=\"text-align: center;\"><a href=\"\/blog\/wp-content\/uploads\/2018\/trump_tower_hissi2.jpg\"><img decoding=\"async\" src=\"\/blog\/wp-content\/uploads\/2018\/thumbs\/thumbs_trump_tower_hissi2.jpg\" \/><\/a><a href=\"\/blog\/wp-content\/uploads\/2018\/trump_tower_hissi1.jpg\"><img decoding=\"async\" src=\"\/blog\/wp-content\/uploads\/2018\/thumbs\/thumbs_trump_tower_hissi1.jpg\" \/><\/a><a href=\"\/blog\/wp-content\/uploads\/2018\/trump_tower_hissi3.jpg\"><img decoding=\"async\" src=\"\/blog\/wp-content\/uploads\/2018\/thumbs\/thumbs_trump_tower_hissi3.jpg\" \/><\/a><\/p>\n<p style=\"text-align: center;\"><em>Asuinkerrosten hissit ovat ultranopeat<\/em><\/p>\n<p style=\"text-align: justify;\">Asuintilaa pieness\u00e4 asunnossamme on 60 neli\u00f6metri\u00e4, k\u00e4sitt\u00e4en keitti\u00f6n ja olohuoneen yhdistelm\u00e4n, erillisen makuuhuoneen, pienen toimistonurkkauksen sek\u00e4 kylpyhuoneen. Tilaa on riitt\u00e4v\u00e4sti, joskin yli kaksi kertaa suuremmasta kattohuoneistosta muuttaessa paikat tuntuivat aluksi ahtailta. \ud83d\ude44<\/p>\n<p style=\"text-align: center;\"><a href=\"\/blog\/wp-content\/uploads\/2018\/trump_tower_asunto4.jpg\"><img decoding=\"async\" src=\"\/blog\/wp-content\/uploads\/2018\/thumbs\/thumbs_trump_tower_asunto4.jpg\" \/><\/a><a href=\"\/blog\/wp-content\/uploads\/2018\/trump_tower_asunto5.jpg\"><img decoding=\"async\" src=\"\/blog\/wp-content\/uploads\/2018\/thumbs\/thumbs_trump_tower_asunto5.jpg\" \/><\/a><a href=\"\/blog\/wp-content\/uploads\/2018\/trump_tower_asunto6.jpg\"><img decoding=\"async\" src=\"\/blog\/wp-content\/uploads\/2018\/thumbs\/thumbs_trump_tower_asunto6.jpg\" \/><\/a><br \/>\n<a href=\"\/blog\/wp-content\/uploads\/2018\/trump_tower_asunto7.jpg\"><img decoding=\"async\" src=\"\/blog\/wp-content\/uploads\/2018\/thumbs\/thumbs_trump_tower_asunto7.jpg\" \/><\/a><a href=\"\/blog\/wp-content\/uploads\/2018\/trump_tower_asunto9.jpg\"><img decoding=\"async\" src=\"\/blog\/wp-content\/uploads\/2018\/thumbs\/thumbs_trump_tower_asunto9.jpg\" \/><\/a><\/p>\n<p style=\"text-align: center;\"><em>Asunnoissa viimeistely on huippulaatuista<\/em><\/p>\n<p style=\"text-align: center;\"><a href=\"\/blog\/wp-content\/uploads\/2018\/trump_tower_asunto3.jpg\"><img decoding=\"async\" src=\"\/blog\/wp-content\/uploads\/2018\/thumbs\/thumbs_trump_tower_asunto3.jpg\" \/><\/a><a href=\"\/blog\/wp-content\/uploads\/2018\/trump_tower_asunto8.jpg\"><img decoding=\"async\" src=\"\/blog\/wp-content\/uploads\/2018\/thumbs\/thumbs_trump_tower_asunto8.jpg\" \/><\/a><\/p>\n<p style=\"text-align: center;\"><em>Pieni tilam\u00e4\u00e4r\u00e4 on riitt\u00e4nyt v\u00e4liaikaisesti<\/em><\/p>\n<p style=\"text-align: center;\"><a href=\"\/blog\/wp-content\/uploads\/2018\/trump_tower_asunto1.jpg\"><img decoding=\"async\" src=\"\/blog\/wp-content\/uploads\/2018\/thumbs\/thumbs_trump_tower_asunto1.jpg\" \/><\/a><a href=\"\/blog\/wp-content\/uploads\/2018\/trump_tower_asunto2.jpg\"><img decoding=\"async\" src=\"\/blog\/wp-content\/uploads\/2018\/thumbs\/thumbs_trump_tower_asunto2.jpg\" \/><\/a><\/p>\n<p style=\"text-align: center;\"><em>Kylpp\u00e4ri kuin kylpyl\u00e4<\/em><\/p>\n<p style=\"text-align: justify;\">Asuntomme sijaitsee rakennuksen puoliv\u00e4liss\u00e4 32. kerroksessa ja siit\u00e4 aukeaa kohtalainen maisema, joskin naapuritalot nousevat viel\u00e4 t\u00e4ll\u00e4 korkeudella osittain maisemien eteen. N\u00e4kym\u00e4 on silti ihan mukiinmenev\u00e4 ja sijainti aivan Vancouverin ytimess\u00e4 ly\u00f6m\u00e4t\u00f6n.<\/p>\n<p style=\"text-align: center;\"><a href=\"\/blog\/wp-content\/uploads\/2018\/trump_tower_yomaisema2.jpg\"><img decoding=\"async\" src=\"\/blog\/wp-content\/uploads\/2018\/thumbs\/thumbs_trump_tower_yomaisema2.jpg\" \/><\/a><a href=\"\/blog\/wp-content\/uploads\/2018\/trump_tower_yomaisema1.jpg\"><img decoding=\"async\" src=\"\/blog\/wp-content\/uploads\/2018\/thumbs\/thumbs_trump_tower_yomaisema1.jpg\" \/><\/a><a href=\"\/blog\/wp-content\/uploads\/2018\/trump_tower_yomaisema3.jpg\"><img decoding=\"async\" src=\"\/blog\/wp-content\/uploads\/2018\/thumbs\/thumbs_trump_tower_yomaisema3.jpg\" \/><\/a><br \/>\n<a href=\"\/blog\/wp-content\/uploads\/2018\/trump_tower_paivamaisema1.jpg\"><img decoding=\"async\" src=\"\/blog\/wp-content\/uploads\/2018\/thumbs\/thumbs_trump_tower_paivamaisema1.jpg\" \/><\/a><a href=\"\/blog\/wp-content\/uploads\/2018\/trump_tower_paivamaisema2.jpg\"><img decoding=\"async\" src=\"\/blog\/wp-content\/uploads\/2018\/thumbs\/thumbs_trump_tower_paivamaisema2.jpg\" \/><\/a><\/p>\n<p style=\"text-align: center;\"><em>Maisema on pilvenpiirt\u00e4j\u00e4n puoliv\u00e4list\u00e4kin upea<\/em><\/p>\n<p style=\"text-align: justify;\">K\u00e4tev\u00e4\u00e4 on my\u00f6s mahdollisuus kaikkien hotellin palveluiden k\u00e4ytt\u00f6\u00f6n, kuten huonepalvelu, siivous, sek\u00e4 alennukset hienostoravintolassa sek\u00e4 Ivanka Trumpin kylpyl\u00e4ss\u00e4. Sek\u00e4 laaja kuntosali ett\u00e4 uima-allas ovat yhteiset sek\u00e4 hotellille ett\u00e4 asukkaille. Kiintoisasti uima-allas sijaitsee y\u00f6kerhon tiloissa. \ud83d\ude2f Trump Towerin tiloissa nimitt\u00e4in avautui Vancouverin ensimm\u00e4inen allas-y\u00f6kerho, jota on operoinut lasvegasilainen yleellinen <em>Drai&#8217;s<\/em>\u00a0niminen ketju. Valitettavasti rikkaiden biletyspaikka on aiheuttanut erin\u00e4isi\u00e4 j\u00e4rjestysongelmia ja yhti\u00f6 ilmoittikin \u00e4skett\u00e4in y\u00f6kerhon sulkeutumisesta ja konseptin muuttamisesta uuteen muotoon.<\/p>\n<p style=\"text-align: justify;\">Meille y\u00f6kerho ei ole aiheuttanut mit\u00e4\u00e4n ongelmia parin kuukauden asumisen aikana, sill\u00e4 p\u00e4ivisin altaalla on todella rauhallista, joskin uiminen keskell\u00e4 y\u00f6kerhoa on edelleen aavistuksen erikoista.<\/p>\n<p style=\"text-align: center;\"><a href=\"\/blog\/wp-content\/uploads\/2018\/drais_vancouver2.jpg\"><img decoding=\"async\" src=\"\/blog\/wp-content\/uploads\/2018\/thumbs\/thumbs_drais_vancouver2.jpg\" \/><\/a><a href=\"\/blog\/wp-content\/uploads\/2018\/drais_vancouver4.jpg\"><img decoding=\"async\" src=\"\/blog\/wp-content\/uploads\/2018\/thumbs\/thumbs_drais_vancouver4.jpg\" \/><\/a><a href=\"\/blog\/wp-content\/uploads\/2018\/drais_vancouver3.jpg\"><img decoding=\"async\" src=\"\/blog\/wp-content\/uploads\/2018\/thumbs\/thumbs_drais_vancouver3.jpg\" \/><\/a><br \/>\n<a href=\"\/blog\/wp-content\/uploads\/2018\/drais_vancouver5.jpg\"><img decoding=\"async\" src=\"\/blog\/wp-content\/uploads\/2018\/thumbs\/thumbs_drais_vancouver5.jpg\" \/><\/a><a href=\"\/blog\/wp-content\/uploads\/2018\/drais_vancouver1.jpg\"><img decoding=\"async\" src=\"\/blog\/wp-content\/uploads\/2018\/thumbs\/thumbs_drais_vancouver1.jpg\" \/><\/a><\/p>\n<p style=\"text-align: center;\"><em>Uiminen y\u00f6kerhon tiloissa vaati tottumista<\/em><\/p>\n<p style=\"text-align: justify;\">Trump Towerissa olisi mahtavaa asua pysyv\u00e4mminkin ja muutamaa kerrosta ylemp\u00e4n\u00e4 my\u00f6s maisemat alkavat aukeamaan ihan eri tavalla. Valitettavasti kookkaampien vuokra-asuntojen ovat kuitenkin astronomisia ja siksi niit\u00e4 ei voi edes harkita. On ollut silti kiintoisaa huomata, ett\u00e4 tornissa my\u00f6s asuu ihmisi\u00e4, eik\u00e4 se ole t\u00e4ynn\u00e4 tyhjill\u00e4\u00e4n seisovia sijoitusasuntoja. V\u00e4hemm\u00e4n yll\u00e4tt\u00e4en asukkaat ovat poikkeuksetta varakkaita aasialaisia, arabeja sek\u00e4 ven\u00e4l\u00e4isi\u00e4, joiden urheilu- ja luksusautoja on parkkihalli pullollaan. Pient\u00e4 osviittaa antaa jos sanon hallista l\u00f6ytyv\u00e4n laskujeni mukaan ainakin 13 <a title=\"Brunssi 200 arvoauton keskell\u00e4\" href=\"https:\/\/www.vuosiamaailmalla.fi\/?p=1932\"><em>Ferraria<\/em><\/a>, kymmenisen <em>Lamborghinia<\/em> sek\u00e4 viisi <em>Rolls Roycea<\/em>, vain muutamia mainitakseni&#8230; \ud83d\ude2f<\/p>\n<p style=\"text-align: justify;\">T\u00e4t\u00e4 kirjoittaessa tied\u00e4mme jo, ett\u00e4 aikamme Trump Towerin asukkaana tulee j\u00e4\u00e4m\u00e4\u00e4n vain viiden kuukauden mittaiseksi, sill\u00e4 kirjoitimme maanantaina vuokrasopimuksen uudesta kodista. Lyhyest\u00e4 ajasta huolimatta asuminen\u00a0Trump Towerissa on ollut jotain mit\u00e4 tuskin kukaan suomalainen voi sanoa kokeneensa ja t\u00e4ss\u00e4 onkin p\u00e4\u00e4ssyt n\u00e4kem\u00e4\u00e4n miten se kuuluisa 1% elelee &#8211; meeeelko mukavasti.<\/p>\n","protected":false},"excerpt":{"rendered":"<p>Kuluva vuosi on ollut j\u00e4lleen\u00a0monien\u00a0muutosten aikaa. Yksi merkitt\u00e4vimmist\u00e4 muutoksista tapahtui kes\u00e4ll\u00e4, kun jouduimme valitettavasti muuttamaan upeasta Burnabyn kattohuoneistostamme hieman yli kahden vuoden asumisen j\u00e4lkeen, asunnon menty\u00e4 kaupaksi kev\u00e4\u00e4ll\u00e4. Koska tiesimme muuton olevan edess\u00e4, aloimmekin kiertelem\u00e4\u00e4n asunton\u00e4yt\u00f6iss\u00e4 jo kev\u00e4\u00e4ll\u00e4. Valitettavasti tilanne vuokramarkkinoilla on kuitenkin aiempaakin heikompi ja emme l\u00f6yt\u00e4neet mit\u00e4\u00e4n mist\u00e4 olisi halunnut maksaa niist\u00e4 pyydettyj\u00e4 &hellip; <a href=\"https:\/\/www.vuosiamaailmalla.fi\/blog\/2018\/asukkaana-trump-towerissa\/\" class=\"more-link\">Jatka lukemista<span class=\"screen-reader-text\"> &#8221;Asukkaana Trump Towerissa&#8221;<\/span><\/a><\/p>\n","protected":false},"author":1,"featured_media":9850,"comment_status":"open","ping_status":"open","sticky":false,"template":"","format":"standard","meta":{"_jetpack_memberships_contains_paid_content":false,"footnotes":""},"categories":[3,4],"tags":[932,569,935,571,939,211],"class_list":["post-9783","post","type-post","status-publish","format-standard","has-post-thumbnail","hentry","category-arki-ulkomailla","category-asuminen-kanadassa","tag-asunto","tag-donald-trump","tag-kanada","tag-trump-international-hotel-tower-vancouver","tag-vancouver","tag-vancouver-coal-harbour"],"jetpack_featured_media_url":"https:\/\/www.vuosiamaailmalla.fi\/blog\/wp-content\/uploads\/drais_vancouver_banner.jpg","jetpack_sharing_enabled":true,"_links":{"self":[{"href":"https:\/\/www.vuosiamaailmalla.fi\/blog\/wp-json\/wp\/v2\/posts\/9783","targetHints":{"allow":["GET"]}}],"collection":[{"href":"https:\/\/www.vuosiamaailmalla.fi\/blog\/wp-json\/wp\/v2\/posts"}],"about":[{"href":"https:\/\/www.vuosiamaailmalla.fi\/blog\/wp-json\/wp\/v2\/types\/post"}],"author":[{"embeddable":true,"href":"https:\/\/www.vuosiamaailmalla.fi\/blog\/wp-json\/wp\/v2\/users\/1"}],"replies":[{"embeddable":true,"href":"https:\/\/www.vuosiamaailmalla.fi\/blog\/wp-json\/wp\/v2\/comments?post=9783"}],"version-history":[{"count":0,"href":"https:\/\/www.vuosiamaailmalla.fi\/blog\/wp-json\/wp\/v2\/posts\/9783\/revisions"}],"wp:featuredmedia":[{"embeddable":true,"href":"https:\/\/www.vuosiamaailmalla.fi\/blog\/wp-json\/wp\/v2\/media\/9850"}],"wp:attachment":[{"href":"https:\/\/www.vuosiamaailmalla.fi\/blog\/wp-json\/wp\/v2\/media?parent=9783"}],"wp:term":[{"taxonomy":"category","embeddable":true,"href":"https:\/\/www.vuosiamaailmalla.fi\/blog\/wp-json\/wp\/v2\/categories?post=9783"},{"taxonomy":"post_tag","embeddable":true,"href":"https:\/\/www.vuosiamaailmalla.fi\/blog\/wp-json\/wp\/v2\/tags?post=9783"}],"curies":[{"name":"wp","href":"https:\/\/api.w.org\/{rel}","templated":true}]}}