{"id":9795,"date":"2018-09-18T13:12:41","date_gmt":"2018-09-18T20:12:41","guid":{"rendered":"http:\/\/13.53.127.146\/?p=9795"},"modified":"2018-09-16T13:12:29","modified_gmt":"2018-09-16T20:12:29","slug":"whistlerin-uusi-riippusilta","status":"publish","type":"post","link":"https:\/\/www.vuosiamaailmalla.fi\/blog\/2018\/whistlerin-uusi-riippusilta\/","title":{"rendered":"Whistlerin uusi riippusilta"},"content":{"rendered":"<p style=\"text-align: justify;\">Whistler el\u00e4\u00e4 t\u00e4ll\u00e4 hetkell\u00e4 renesanssia, jonka l\u00e4ht\u00f6laukaus oli laskettelukeskuksen kaksi vuotta sitten tapahtunut myynti <em>Vail Resortille<\/em>. Vaikka 1,4 miljardin dollarin kauppa her\u00e4ttikin tuolloin suuria tunteita paikallisen ikonin myymisest\u00e4 amerikkalaiselle korporaatiolle, on kaupasta seurannut t\u00e4h\u00e4n menness\u00e4 paljon hyv\u00e4\u00e4.<\/p>\n<p style=\"text-align: justify;\">Suurin pelko oli jo valmiiksi kalliiden hissilippujen kallistuminen entisest\u00e4\u00e4n, mutta kahden talven perusteella n\u00e4in ei kuitenkaan n\u00e4yt\u00e4 k\u00e4yneen ja kausikorttien hinta jopa hieman laski, etujen parantuessa. Oikeastaan ainoa harmituksen aihe on ollut aiemmin todella maukkaan purilaisen vaihtuminen uuteen v\u00e4hemm\u00e4n eeppiseen\u00a0<em>Epic Burgeriin<\/em>. \ud83d\ude44\u00a0<!--more--><\/p>\n<p style=\"text-align: center;\"><a href=\"\/blog\/wp-content\/uploads\/2018\/whistlerin_riippusilta10.jpg\"><img decoding=\"async\" src=\"\/blog\/wp-content\/uploads\/2018\/thumbs\/thumbs_whistlerin_riippusilta10.jpg\" \/><\/a><a href=\"\/blog\/wp-content\/uploads\/2018\/kieleke_laakson_ylla4.jpg\"><img decoding=\"async\" src=\"\/blog\/wp-content\/uploads\/2018\/thumbs\/thumbs_kieleke_laakson_ylla4.jpg\" \/><\/a><\/p>\n<p style=\"text-align: center;\"><em>Uusi riippusilta Whistlerin huipulla<\/em><\/p>\n<p style=\"text-align: center;\"><a href=\"\/blog\/wp-content\/uploads\/2018\/whistlerin_riippusilta_panoraama1.jpg\"><img decoding=\"async\" src=\"\/blog\/wp-content\/uploads\/2018\/whistlerin_riippusilta_panoraama1_pieni.jpg\" \/><\/a><\/p>\n<p style=\"text-align: center;\"><em>Kahden kielekkeen v\u00e4linen yhteys<\/em><\/p>\n<p style=\"text-align: justify;\">Pian j\u00e4ttikaupan j\u00e4lkeen uusi omistaja ilmoitti j\u00e4ttim\u00e4isest\u00e4 345 miljoonan dollarin investointisuunnitelmasta, jonka my\u00f6t\u00e4 Whistlerist\u00e4 rakentuu ymp\u00e4rivuotinen keskus. Suunnitelmaan kuuluu niin uusia hissej\u00e4, 50 kilometri\u00e4 uutta maastopy\u00f6r\u00e4ilyreitist\u00f6\u00e4, suuri sis\u00e4vesipuisto, painovoimalla toimiva hurja vuoristorata, laajojen laskettelualueiden valaiseminen sek\u00e4 uusi huikea riippusilta Whistler Mountainin huipulle.<\/p>\n<p style=\"text-align: center;\"><a href=\"\/blog\/wp-content\/uploads\/2018\/whistlerin_riippusilta5.jpg\"><img decoding=\"async\" src=\"\/blog\/wp-content\/uploads\/2018\/thumbs\/thumbs_whistlerin_riippusilta5.jpg\" \/><\/a><a href=\"\/blog\/wp-content\/uploads\/2018\/whistlerin_riippusilta2.jpg\"><img decoding=\"async\" src=\"\/blog\/wp-content\/uploads\/2018\/thumbs\/thumbs_whistlerin_riippusilta2.jpg\" \/><\/a><a href=\"\/blog\/wp-content\/uploads\/2018\/whistlerin_riippusilta9.jpg\"><img decoding=\"async\" src=\"\/blog\/wp-content\/uploads\/2018\/thumbs\/thumbs_whistlerin_riippusilta9.jpg\" \/><\/a><br \/>\n<a href=\"\/blog\/wp-content\/uploads\/2018\/whistlerin_riippusilta1.jpg\"><img decoding=\"async\" src=\"\/blog\/wp-content\/uploads\/2018\/thumbs\/thumbs_whistlerin_riippusilta1.jpg\" \/><\/a><a href=\"\/blog\/wp-content\/uploads\/2018\/whistlerin_riippusilta3.jpg\"><img decoding=\"async\" src=\"\/blog\/wp-content\/uploads\/2018\/thumbs\/thumbs_whistlerin_riippusilta3.jpg\" \/><\/a><a href=\"\/blog\/wp-content\/uploads\/2018\/whistlerin_riippusilta4.jpg\"><img decoding=\"async\" src=\"\/blog\/wp-content\/uploads\/2018\/thumbs\/thumbs_whistlerin_riippusilta4.jpg\" \/><\/a><\/p>\n<p style=\"text-align: center;\"><em>130 metrin mittainen rohkeustesti<\/em><\/p>\n<p style=\"text-align: justify;\">N\u00e4ist\u00e4 suunnitelmista t\u00e4n\u00e4 vuonna valmistuvat sek\u00e4 hiihtohissien laajennus sek\u00e4 uusi riippusilta, joka avautui hein\u00e4kuussa turisteille. N\u00e4imme sillan rakennust\u00f6iden olevan k\u00e4ynniss\u00e4 viime kes\u00e4n\u00e4 Whistlerill\u00e4 <a title=\"Kes\u00e4vieraat Suomesta\" href=\"https:\/\/www.vuosiamaailmalla.fi\/?p=9178\">vieraidemme kanssa vaeltaessa<\/a> ja nyt vuotta my\u00f6hemmin silta on viimein valmis. 2200 metrin korkeudessa sijaitseva riippusilta on yksi maailman korkeimmista ja sill\u00e4 on pituutta huikeat 130 metri\u00e4. Silta sijaitsee <em>Peak Chairin<\/em> huipulla ja n\u00e4kyy aina alas laaksoon saakka.<\/p>\n<p style=\"text-align: center;\"><a href=\"\/blog\/wp-content\/uploads\/2018\/whistlerin_riippusilta_panoraama2.jpg\"><img decoding=\"async\" src=\"\/blog\/wp-content\/uploads\/2018\/whistlerin_riippusilta_panoraama2_pieni.jpg\" \/><\/a><\/p>\n<p style=\"text-align: center;\"><em>Reitti pilvien keskell\u00e4<\/em><\/p>\n<p style=\"text-align: justify;\">Vahvasta metallista rakennettu silta yhdist\u00e4\u00e4 toisiinsa kaksi kalliokielekett\u00e4, alapuolellaan jyrkk\u00e4 kalliosein\u00e4m\u00e4, jota pitkin kaikkein hurjimmat laskettelevat talvisin. T\u00e4st\u00e4 syyst\u00e4 siltainsin\u00f6\u00f6rit joutuvatkin tulevana talvena tarkkailemaan sillalle kertyv\u00e4n j\u00e4\u00e4n m\u00e4\u00e4r\u00e4\u00e4 ja arvioimaan siit\u00e4 mahdollisesti alapuoleisille rinteille aiheutuvaa vaaraa.<\/p>\n<p style=\"text-align: justify;\">Riippusilta heiluu aavistuksen verran sill\u00e4 kulkevien ihmisten painosta ja metalliverkkoinen pohja saa kyll\u00e4 pit\u00e4m\u00e4\u00e4n tavaroistaan visusti kiinni. Maisemat sillalta ovat kauniilla kelill\u00e4 todella upeat, mutta kaikkein makeimmat valokuvat saa sillan sivustalta, josta otetuissa valokuvissa silta n\u00e4ytt\u00e4\u00e4 kuin se kulkisi kilometrien korkeudessa. \ud83d\ude00<\/p>\n<p style=\"text-align: center;\"><a href=\"\/blog\/wp-content\/uploads\/2018\/whistlerin_riippusilta6.jpg\"><img decoding=\"async\" src=\"\/blog\/wp-content\/uploads\/2018\/thumbs\/thumbs_whistlerin_riippusilta6.jpg\" \/><\/a><a href=\"\/blog\/wp-content\/uploads\/2018\/whistlerin_riippusilta7.jpg\"><img decoding=\"async\" src=\"\/blog\/wp-content\/uploads\/2018\/thumbs\/thumbs_whistlerin_riippusilta7.jpg\" \/><\/a><a href=\"\/blog\/wp-content\/uploads\/2018\/whistlerin_riippusilta11.jpg\"><img decoding=\"async\" src=\"\/blog\/wp-content\/uploads\/2018\/thumbs\/thumbs_whistlerin_riippusilta11.jpg\" \/><\/a><\/p>\n<p style=\"text-align: center;\"><em>K\u00e4vely pilviss\u00e4<\/em><\/p>\n<p style=\"text-align: center;\"><a href=\"\/blog\/wp-content\/uploads\/2018\/whistlerin_riippusilta8.jpg\"><img decoding=\"async\" src=\"\/blog\/wp-content\/uploads\/2018\/thumbs\/thumbs_whistlerin_riippusilta8.jpg\" \/><\/a><\/p>\n<p style=\"text-align: center;\"><em>Tavaroistaan on syyt\u00e4 pit\u00e4\u00e4 kiinni<\/em><\/p>\n<p style=\"text-align: justify;\">Riippusillan toiseen p\u00e4\u00e4h\u00e4n on rakennettu my\u00f6s uusi 13 metri\u00e4 pitk\u00e4 uloke, joka roikkuu yli 50 metri\u00e4 alapuoleisen sein\u00e4m\u00e4n yl\u00e4puolella. Rakennusteknisesti mietittyn\u00e4 rakennelma on kiehtova, mutta sen on n\u00e4hnyt nopeasti ja muutamat kuvat otettuaan haluaa jo jatkaa matkaa. Sit\u00e4 voi jatkaa esimerkiksi kauniille <a title=\"High Note Trail\" href=\"https:\/\/www.vuosiamaailmalla.fi\/?p=7065\"><em>High Note Trailille<\/em><\/a>, joka on nyt todella helposti saavutettavissa.<\/p>\n<p style=\"text-align: center;\"><a href=\"\/blog\/wp-content\/uploads\/2018\/kieleke_laakson_ylla1.jpg\"><img decoding=\"async\" src=\"\/blog\/wp-content\/uploads\/2018\/thumbs\/thumbs_kieleke_laakson_ylla1.jpg\" \/><\/a><a href=\"\/blog\/wp-content\/uploads\/2018\/kieleke_laakson_ylla3.jpg\"><img decoding=\"async\" src=\"\/blog\/wp-content\/uploads\/2018\/thumbs\/thumbs_kieleke_laakson_ylla3.jpg\" \/><\/a><a href=\"\/blog\/wp-content\/uploads\/2018\/kieleke_laakson_ylla2.jpg\"><img decoding=\"async\" src=\"\/blog\/wp-content\/uploads\/2018\/thumbs\/thumbs_kieleke_laakson_ylla2.jpg\" \/><\/a><\/p>\n<p style=\"text-align: center;\"><em>Kieleke tyhj\u00e4n p\u00e4\u00e4ll\u00e4<\/em><\/p>\n<p style=\"text-align: justify;\">Me k\u00e4velimme huipulta alas huoltotiet\u00e4 pitkin, sill\u00e4 halusimme k\u00e4yd\u00e4 katsomassa milt\u00e4 alkukes\u00e4st\u00e4 jopa 15 metri\u00e4 <a title=\"Whistlerin j\u00e4ttim\u00e4iset lumisein\u00e4m\u00e4t\" href=\"https:\/\/www.vuosiamaailmalla.fi\/?p=8246\">korkeat lumisein\u00e4m\u00e4t<\/a> mahtavat n\u00e4ytt\u00e4\u00e4 n\u00e4in aivan loppukes\u00e4st\u00e4. Suureksi yll\u00e4tykseksemme sein\u00e4m\u00e4t olivat sulaneet l\u00e4mpim\u00e4n kes\u00e4n aikana melkein tyystin, mit\u00e4 on vaikea uskoa kev\u00e4\u00e4ll\u00e4. Uusi talvi on kuitenkin jo tulossa ja Whistlerin huipulla satoi viime viikolla jo ensilumi. T\u00e4n\u00e4 vuonna laskettelijat p\u00e4\u00e4sev\u00e4t tosiaan nauttimaan uusista hisseist\u00e4, joista tulenkin varmasti kirjoittamaan talven aikana. Sit\u00e4 odotellessa! \ud83d\ude00<\/p>\n<p style=\"text-align: center;\"><a href=\"\/blog\/wp-content\/uploads\/2016\/whistlerin_lumiseinamat11.jpg\"><img decoding=\"async\" src=\"\/blog\/wp-content\/uploads\/2016\/thumbs\/thumbs_whistlerin_lumiseinamat11.jpg\" \/><\/a><a href=\"\/blog\/wp-content\/uploads\/2018\/sulaneet_lumiseinamat1.jpg\"><img decoding=\"async\" src=\"\/blog\/wp-content\/uploads\/2018\/thumbs\/thumbs_sulaneet_lumiseinamat1.jpg\" \/><\/a><br \/>\n<a href=\"\/blog\/wp-content\/uploads\/2016\/whistlerin_lumiseinamat20.jpg\"><img decoding=\"async\" src=\"\/blog\/wp-content\/uploads\/2016\/thumbs\/thumbs_whistlerin_lumiseinamat20.jpg\" \/><\/a><a href=\"\/blog\/wp-content\/uploads\/2018\/sulaneet_lumiseinamat2.jpg\"><img decoding=\"async\" src=\"\/blog\/wp-content\/uploads\/2018\/thumbs\/thumbs_sulaneet_lumiseinamat2.jpg\" \/><\/a><\/p>\n<p style=\"text-align: center;\"><em>Lumik\u00e4yt\u00e4v\u00e4t kev\u00e4\u00e4ll\u00e4 ja loppukes\u00e4st\u00e4<\/em><\/p>\n","protected":false},"excerpt":{"rendered":"<p>Whistler el\u00e4\u00e4 t\u00e4ll\u00e4 hetkell\u00e4 renesanssia, jonka l\u00e4ht\u00f6laukaus oli laskettelukeskuksen kaksi vuotta sitten tapahtunut myynti Vail Resortille. Vaikka 1,4 miljardin dollarin kauppa her\u00e4ttikin tuolloin suuria tunteita paikallisen ikonin myymisest\u00e4 amerikkalaiselle korporaatiolle, on kaupasta seurannut t\u00e4h\u00e4n menness\u00e4 paljon hyv\u00e4\u00e4. Suurin pelko oli jo valmiiksi kalliiden hissilippujen kallistuminen entisest\u00e4\u00e4n, mutta kahden talven perusteella n\u00e4in ei kuitenkaan n\u00e4yt\u00e4 k\u00e4yneen &hellip; <a href=\"https:\/\/www.vuosiamaailmalla.fi\/blog\/2018\/whistlerin-uusi-riippusilta\/\" class=\"more-link\">Jatka lukemista<span class=\"screen-reader-text\"> &#8221;Whistlerin uusi riippusilta&#8221;<\/span><\/a><\/p>\n","protected":false},"author":1,"featured_media":9801,"comment_status":"open","ping_status":"open","sticky":false,"template":"","format":"standard","meta":{"_jetpack_memberships_contains_paid_content":false,"footnotes":""},"categories":[17,3],"tags":[25,935,218],"class_list":["post-9795","post","type-post","status-publish","format-standard","has-post-thumbnail","hentry","category-arki-kanadassa","category-arki-ulkomailla","tag-ajankohtaista","tag-kanada","tag-whistler"],"jetpack_featured_media_url":"https:\/\/www.vuosiamaailmalla.fi\/blog\/wp-content\/uploads\/whistlerin_riippusilta_banner.jpg","jetpack_sharing_enabled":true,"_links":{"self":[{"href":"https:\/\/www.vuosiamaailmalla.fi\/blog\/wp-json\/wp\/v2\/posts\/9795","targetHints":{"allow":["GET"]}}],"collection":[{"href":"https:\/\/www.vuosiamaailmalla.fi\/blog\/wp-json\/wp\/v2\/posts"}],"about":[{"href":"https:\/\/www.vuosiamaailmalla.fi\/blog\/wp-json\/wp\/v2\/types\/post"}],"author":[{"embeddable":true,"href":"https:\/\/www.vuosiamaailmalla.fi\/blog\/wp-json\/wp\/v2\/users\/1"}],"replies":[{"embeddable":true,"href":"https:\/\/www.vuosiamaailmalla.fi\/blog\/wp-json\/wp\/v2\/comments?post=9795"}],"version-history":[{"count":0,"href":"https:\/\/www.vuosiamaailmalla.fi\/blog\/wp-json\/wp\/v2\/posts\/9795\/revisions"}],"wp:featuredmedia":[{"embeddable":true,"href":"https:\/\/www.vuosiamaailmalla.fi\/blog\/wp-json\/wp\/v2\/media\/9801"}],"wp:attachment":[{"href":"https:\/\/www.vuosiamaailmalla.fi\/blog\/wp-json\/wp\/v2\/media?parent=9795"}],"wp:term":[{"taxonomy":"category","embeddable":true,"href":"https:\/\/www.vuosiamaailmalla.fi\/blog\/wp-json\/wp\/v2\/categories?post=9795"},{"taxonomy":"post_tag","embeddable":true,"href":"https:\/\/www.vuosiamaailmalla.fi\/blog\/wp-json\/wp\/v2\/tags?post=9795"}],"curies":[{"name":"wp","href":"https:\/\/api.w.org\/{rel}","templated":true}]}}