{"id":9803,"date":"2018-09-30T15:28:31","date_gmt":"2018-09-30T22:28:31","guid":{"rendered":"http:\/\/13.53.127.146\/?p=9803"},"modified":"2020-03-02T18:25:06","modified_gmt":"2020-03-03T02:25:06","slug":"kesamatkailua-suomessa","status":"publish","type":"post","link":"https:\/\/www.vuosiamaailmalla.fi\/blog\/2018\/kesamatkailua-suomessa\/","title":{"rendered":"Kes\u00e4matkailua Suomessa"},"content":{"rendered":"<p style=\"text-align: justify;\">Kaukana kotoa asuttaessa lomasuunnitelmia on usein runsaasti, mutta itse lomaa v\u00e4h\u00e4n. Vierailut Suomessa joutuukin usein rajoittamaan vain yhteen vuodessa, sill\u00e4 lomaa haluaa viett\u00e4\u00e4 my\u00f6s muualla kuin Suomessa. Tilanne oli eri Berliiniss\u00e4, josta k\u00e4sin oli mahdollista k\u00e4yd\u00e4 Suomessa vaikka lyhyell\u00e4 viikonloppureissulla, mutta t\u00e4\u00e4lt\u00e4 Kanadasta k\u00e4sin t\u00e4llainen ei ole mahdollista. Niinp\u00e4 olemmekin vierailleet Suomessa l\u00e4hes poikkeuksetta jouluisin ja <a title=\"Jouluaatto Chicagossa\" href=\"https:\/\/www.vuosiamaailmalla.fi\/?p=7487\">joinain vuosina<\/a> minulta on j\u00e4\u00e4nyt sekin matka v\u00e4list\u00e4.<\/p>\n<p><!--more--><\/p>\n<p style=\"text-align: justify;\">Havaihduimmekin viime talvella tietoon, etten min\u00e4 ole k\u00e4ynyt Suomessa kes\u00e4aikaan per\u00e4ti seitsem\u00e4\u00e4n vuoteen. Edellinen vierailuni on oli juuri ennen <a title=\"Maahanmuutto bisnesluokassa\" href=\"https:\/\/www.vuosiamaailmalla.fi\/?p=230\">Kanadaan muuttoa<\/a> vuonna 2011, kun <a title=\"Kes\u00e4lomatka kohti Suomea ja sateinen p\u00e4iv\u00e4 K\u00f6\u00f6penhaminassa\" href=\"https:\/\/www.vuosiamaailmalla.fi\/?p=995\">ajoimme vuokra-autolla<\/a> Saksasta Suomeen. Niina on k\u00e4ynyt Suomessa my\u00f6s <a title=\"Juhannus ilman heilaa\" href=\"https:\/\/www.vuosiamaailmalla.fi\/?p=8257\">kahtena viime kes\u00e4n\u00e4<\/a>, suvussa tapahtuneiden kuolemantapausten johdosta, mutta minulla edellisest\u00e4 kerrasta on tosiaan jo reilusti aikaa. Vuosi 2011 on j\u00e4\u00e4nyt mieliimme mukavana kes\u00e4lomana ja niinp\u00e4 p\u00e4\u00e4timme ett\u00e4 viet\u00e4mme t\u00e4n\u00e4 vuonna kahden viikon kes\u00e4loman Suomessa.<\/p>\n<p style=\"text-align: justify;\">Loma ajoitettiin taktisesti hein\u00e4-elokuun taitteeseen sill\u00e4 ajatuksella, ett\u00e4 kelit olisivat tuolloin parhaimmillaan. Kahden edellisen kurjan kes\u00e4n perusteella kukaan ei olisi osannut aavistaa, ett\u00e4 tulossa olisi kuumin kes\u00e4 vuosikymmeniin ja ett\u00e4 hellett\u00e4 riitt\u00e4isi l\u00e4pi koko kes\u00e4n. \ud83d\ude42<\/p>\n<p style=\"text-align: center;\"><a href=\"\/blog\/wp-content\/uploads\/2018\/kesamokilla8.jpg\"><img decoding=\"async\" src=\"\/blog\/wp-content\/uploads\/2018\/thumbs\/thumbs_kesamokilla8.jpg\" \/><\/a><a href=\"\/blog\/wp-content\/uploads\/2018\/kesamokilla2.jpg\"><img decoding=\"async\" src=\"\/blog\/wp-content\/uploads\/2018\/thumbs\/thumbs_kesamokilla2.jpg\" \/><\/a><\/p>\n<p style=\"text-align: center;\"><em>T\u00e4llaiset olivat kes\u00e4lomamme odotukset<\/em><\/p>\n<p style=\"text-align: justify;\">Valitsemamme ajankohta on kaikkein kalleimpia aikoja matkustaa, mutta niin lensimme hein\u00e4kuun viimeisell\u00e4 viikolla Vancouverista <a title=\"Turistina Helsingiss\u00e4\" href=\"https:\/\/www.vuosiamaailmalla.fi\/?p=10528\">Helsinkiin<\/a> <em>British Airwaysin<\/em> <a title=\"Iso lintu saapuu Vancouveriin\" href=\"https:\/\/www.vuosiamaailmalla.fi\/?p=6957\">j\u00e4ttijumbolla<\/a>. Kyseess\u00e4 oli ensimm\u00e4inen kertani t\u00e4m\u00e4n vain kes\u00e4ll\u00e4 Vancouveriin liikenn\u00f6iv\u00e4n suurkoneen kyydiss\u00e4 ja kokemus oli oikein tilava ja miellytt\u00e4v\u00e4.<\/p>\n<p style=\"text-align: justify;\">Perill\u00e4 Suomessa meit\u00e4 odotti helteinen keli ja lehdiss\u00e4kin mainostetut trooppiset y\u00f6t. Vaikka kes\u00e4 on Vancouverissakin hiostava, on kaikissa asunnoissamme ollut ilmastointi, joten \u00f6isin saa nukuttua kelist\u00e4 riippumatta. Toista oli kuitenkin Suomessa, jossa nukkuminen oli tuskaista koko ensimm\u00e4isen lomaviikon ennen kelien hienoista viilentymist\u00e4 elokuun ensimm\u00e4isell\u00e4 viikolla.<\/p>\n<p style=\"text-align: center;\"><a href=\"\/blog\/wp-content\/uploads\/2018\/kesamokilla3.jpg\"><img decoding=\"async\" src=\"\/blog\/wp-content\/uploads\/2018\/thumbs\/thumbs_kesamokilla3.jpg\" \/><\/a><a href=\"\/blog\/wp-content\/uploads\/2018\/kesamokilla1.jpg\"><img decoding=\"async\" src=\"\/blog\/wp-content\/uploads\/2018\/thumbs\/thumbs_kesamokilla1.jpg\" \/><\/a><a href=\"\/blog\/wp-content\/uploads\/2018\/kesamokilla7.jpg\"><img decoding=\"async\" src=\"\/blog\/wp-content\/uploads\/2018\/thumbs\/thumbs_kesamokilla7.jpg\" \/><\/a><\/p>\n<p style=\"text-align: center;\"><em>Kiireet\u00f6nt\u00e4 aikaa kes\u00e4m\u00f6kill\u00e4<\/em><\/p>\n<p style=\"text-align: justify;\">Lomasuunnitelmanamme oli viett\u00e4\u00e4 mahdollisimman paljon aikaa maalla ja kes\u00e4m\u00f6kill\u00e4. N\u00e4in my\u00f6s tehtiin ja ainoa reissu kaupunkiin oli vierailu veljeni luona Espoossa sek\u00e4 pari p\u00e4iv\u00e4\u00e4 Joensuussa. Toiveissamme oli my\u00f6s harjoittaa pient\u00e4 kotimaanmatkailua, mihin tarjoutuikin loistava tilaisuus Niinan vanhempien saapuessa vierailulle Etel\u00e4-Suomeen. My\u00f6s heid\u00e4n edellisest\u00e4 vierailusta omien vanhempieni luona on kulunut samaiset seitsem\u00e4n vuotta ja vierailimme tuolloin <a title=\"Halki Ruotsin sek\u00e4 kes\u00e4loma roadsterilla\" href=\"https:\/\/www.vuosiamaailmalla.fi\/?p=1001\">Fiskarsissa ja Tammisaaressa<\/a>.<\/p>\n<p style=\"text-align: justify;\">Koska Raaseporin alueella on paljon n\u00e4ht\u00e4v\u00e4\u00e4, p\u00e4\u00e4timme t\u00e4ll\u00e4 kertaa vierailla Mustiolla sek\u00e4 Fargervikiss\u00e4, joilla on molemmilla pitk\u00e4 ruukkihistoria. Vaikka olenkin kotoisin aivan n\u00e4iden paikkojen l\u00e4helt\u00e4, on edellisest\u00e4 vierailustani niin pitk\u00e4 aika, ett\u00e4 muistin n\u00e4m\u00e4 kaksi kartanoa vain h\u00e4m\u00e4r\u00e4sti. Mustiolla sijaitsevaa vuonna 1792 valmistunutta puukartanoa kutsutaan hienosti linnaksi ja sen on rakennuttanut herra nimelt\u00e4 Magnus Linder II. Keltainen p\u00e4\u00e4rakennus on Suomen suurin ei-kirkollinen puurakennus ja se edustaa tyylisuunnaltaan siirtym\u00e4kautta rokokoosta uusklassismiin, sisustuksen ollessa kustavilaista tyyli\u00e4.<\/p>\n<p style=\"text-align: center;\"><a href=\"\/blog\/wp-content\/uploads\/2018\/mustion_linna_ulkoa5.jpg\"><img decoding=\"async\" src=\"\/blog\/wp-content\/uploads\/2018\/mustion_linna_ulkoa5.jpg\" \/><\/a><\/p>\n<p style=\"text-align: center;\"><em>Mustion Linna<\/em><\/p>\n<p style=\"text-align: center;\"><a href=\"\/blog\/wp-content\/uploads\/2018\/mustion_linna_ulkoa2.jpg\"><img decoding=\"async\" src=\"\/blog\/wp-content\/uploads\/2018\/thumbs\/thumbs_mustion_linna_ulkoa2.jpg\" \/><\/a><a href=\"\/blog\/wp-content\/uploads\/2018\/mustion_linna_ulkoa3.jpg\"><img decoding=\"async\" src=\"\/blog\/wp-content\/uploads\/2018\/thumbs\/thumbs_mustion_linna_ulkoa3.jpg\" \/><\/a><a href=\"\/blog\/wp-content\/uploads\/2018\/mustion_linna_ulkoa1.jpg\"><img decoding=\"async\" src=\"\/blog\/wp-content\/uploads\/2018\/thumbs\/thumbs_mustion_linna_ulkoa1.jpg\" \/><\/a><\/p>\n<p style=\"text-align: center;\"><em>Suuri puurakennus on n\u00e4hnyt monenlaisia aikoja<\/em><\/p>\n<p style=\"text-align: justify;\">1900-luvun alussa kartanoa hallussaan pit\u00e4nyt Hjalmar Linder oli aikansa rikkain suomalainen, joka omisti 64 000 hehtaaria maata ja toi muun muassa Suomeen maan toisen auton. Hjalmarin aikana Mustion Linna koki kaikkein suurimman loisteensa, mutta t\u00e4m\u00e4n luovuttua siit\u00e4 monien vaiheiden j\u00e4lkeen, ajautui rakennus huonoon kuntoon ennen kuin Linderin suvun nykyinen perillinen osti sen takaisin ja kunnosti sen museoksi. Kartanon sivurakennuksessa toimii nykyisin my\u00f6s hotelli.<\/p>\n<p style=\"text-align: center;\"><a href=\"\/blog\/wp-content\/uploads\/2018\/mustion_linna_ulkoa4.jpg\"><img decoding=\"async\" src=\"\/blog\/wp-content\/uploads\/2018\/mustion_linna_ulkoa4.jpg\" \/><\/a><\/p>\n<p style=\"text-align: center;\"><i>Sivurakennus toimii nykyisin hotellina<\/i><\/p>\n<p style=\"text-align: justify;\">En ole varma olenko k\u00e4ynyt koskaan Mustion Linnan museokierroksella, mutta sellaisia j\u00e4rjestet\u00e4\u00e4n kes\u00e4aikaan. Kierrokset ovat loistavia, sill\u00e4 erinomainen opas kertoo kiehtovasti kartanon sek\u00e4 Linderin suvun monista vaiheista. Kiehtovia yksityiskohtia riitt\u00e4\u00e4, kuten ett\u00e4 kartanolla on y\u00f6pynyt sek\u00e4 Ruotsin kuningasett\u00e4 kaksi Ven\u00e4j\u00e4n tsaaria ja koko liuta Suomen historian merkkihenkil\u00f6it\u00e4.<\/p>\n<p style=\"text-align: center;\"><a href=\"\/blog\/wp-content\/uploads\/2018\/mustion_linna7.jpg\"><img decoding=\"async\" src=\"\/blog\/wp-content\/uploads\/2018\/thumbs\/thumbs_mustion_linna7.jpg\" \/><\/a><a href=\"\/blog\/wp-content\/uploads\/2018\/mustion_linna4.jpg\"><img decoding=\"async\" src=\"\/blog\/wp-content\/uploads\/2018\/thumbs\/thumbs_mustion_linna4.jpg\" \/><\/a><a href=\"\/blog\/wp-content\/uploads\/2018\/mustion_linna2.jpg\"><img decoding=\"async\" src=\"\/blog\/wp-content\/uploads\/2018\/thumbs\/thumbs_mustion_linna2.jpg\" \/><\/a><br \/>\n<a href=\"\/blog\/wp-content\/uploads\/2018\/mustion_linna5.jpg\"><img decoding=\"async\" src=\"\/blog\/wp-content\/uploads\/2018\/thumbs\/thumbs_mustion_linna5.jpg\" \/><\/a><a href=\"\/blog\/wp-content\/uploads\/2018\/mustion_linna1.jpg\"><img decoding=\"async\" src=\"\/blog\/wp-content\/uploads\/2018\/thumbs\/thumbs_mustion_linna1.jpg\" \/><\/a><a href=\"\/blog\/wp-content\/uploads\/2018\/mustion_linna8.jpg\"><img decoding=\"async\" src=\"\/blog\/wp-content\/uploads\/2018\/thumbs\/thumbs_mustion_linna8.jpg\" \/><\/a><br \/>\n<a href=\"\/blog\/wp-content\/uploads\/2018\/mustion_linna3.jpg\"><img decoding=\"async\" src=\"\/blog\/wp-content\/uploads\/2018\/thumbs\/thumbs_mustion_linna3.jpg\" \/><\/a><a href=\"\/blog\/wp-content\/uploads\/2018\/mustion_linna6.jpg\"><img decoding=\"async\" src=\"\/blog\/wp-content\/uploads\/2018\/thumbs\/thumbs_mustion_linna6.jpg\" \/><\/a><\/p>\n<p style=\"text-align: center;\"><em>Kartano on kunnostettu entiseen loistoonsa<\/em><\/p>\n<p style=\"text-align: justify;\">Vaikka Suomen historia kalpeneekin Keski-Euroopan vuosisatojen mittaisille tarinoille sek\u00e4 linnojen loistokkuudelle, on Mustion Linnan sisustus silti eritt\u00e4in arvokas ja esill\u00e4 on runsaasti sinne takaisin ostettua arvoesineist\u00f6\u00e4.<\/p>\n<p style=\"text-align: center;\"><a href=\"\/blog\/wp-content\/uploads\/2018\/mustion_linnan_aarteita2.jpg\"><img decoding=\"async\" src=\"\/blog\/wp-content\/uploads\/2018\/thumbs\/thumbs_mustion_linnan_aarteita2.jpg\" \/><\/a><a href=\"\/blog\/wp-content\/uploads\/2018\/mustion_linnan_aarteita3.jpg\"><img decoding=\"async\" src=\"\/blog\/wp-content\/uploads\/2018\/thumbs\/thumbs_mustion_linnan_aarteita3.jpg\" \/><\/a><a href=\"\/blog\/wp-content\/uploads\/2018\/mustion_linnan_aarteita1.jpg\"><img decoding=\"async\" src=\"\/blog\/wp-content\/uploads\/2018\/thumbs\/thumbs_mustion_linnan_aarteita1.jpg\" \/><\/a><\/p>\n<p style=\"text-align: center;\"><em>Monenlaisia arvoesineit\u00e4<\/em><\/p>\n<p style=\"text-align: justify;\">Hieno on my\u00f6s kartanoa ymp\u00e4r\u00f6iv\u00e4 puisto, jossa on rauhallista k\u00e4vell\u00e4 vanhojen puiden varjossa. Erikoismaininnan ansaitsee my\u00f6s ravintola <em>Linnankrouvi<\/em>, jonka lounas oli meist\u00e4 hyvinkin laadukas. Olemme viime vuosina havahtuneet maailmalla tehtyjen matkojemme j\u00e4ljilt\u00e4 siihen, ett\u00e4 my\u00f6s Suomesta l\u00f6ytyy useita tasokkaita ravintoloita ymp\u00e4ri maata ja Mustion ravintola kuuluu t\u00e4h\u00e4n kastiin.<\/p>\n<p style=\"text-align: center;\"><a href=\"\/blog\/wp-content\/uploads\/2018\/mustion_linnanpuisto5.jpg\"><img decoding=\"async\" src=\"\/blog\/wp-content\/uploads\/2018\/thumbs\/thumbs_mustion_linnanpuisto5.jpg\" \/><\/a><a href=\"\/blog\/wp-content\/uploads\/2018\/mustion_linnanpuisto2.jpg\"><img decoding=\"async\" src=\"\/blog\/wp-content\/uploads\/2018\/thumbs\/thumbs_mustion_linnanpuisto2.jpg\" \/><\/a><a href=\"\/blog\/wp-content\/uploads\/2018\/mustion_linnanpuisto3.jpg\"><img decoding=\"async\" src=\"\/blog\/wp-content\/uploads\/2018\/thumbs\/thumbs_mustion_linnanpuisto3.jpg\" \/><\/a><br \/>\n<a href=\"\/blog\/wp-content\/uploads\/2018\/mustion_linnanpuisto4.jpg\"><img decoding=\"async\" src=\"\/blog\/wp-content\/uploads\/2018\/thumbs\/thumbs_mustion_linnanpuisto4.jpg\" \/><\/a><a href=\"\/blog\/wp-content\/uploads\/2018\/mustion_linnanpuisto1.jpg\"><img decoding=\"async\" src=\"\/blog\/wp-content\/uploads\/2018\/thumbs\/thumbs_mustion_linnanpuisto1.jpg\" \/><\/a><a href=\"\/blog\/wp-content\/uploads\/2018\/nykynuoriso_raplaa_kannykoita.jpg\"><img decoding=\"async\" src=\"\/blog\/wp-content\/uploads\/2018\/thumbs\/thumbs_nykynuoriso_raplaa_kannykoita.jpg\" \/><\/a><\/p>\n<p style=\"text-align: center;\"><em>Ymp\u00e4r\u00f6iv\u00e4 puisto on vehre\u00e4 paikka viett\u00e4\u00e4 kes\u00e4p\u00e4iv\u00e4\u00e4<\/em><\/p>\n<p style=\"text-align: center;\"><a href=\"\/blog\/wp-content\/uploads\/2018\/linnan_krouvi4.jpg\"><img decoding=\"async\" src=\"\/blog\/wp-content\/uploads\/2018\/linnan_krouvi4.jpg\" \/><\/a><\/p>\n<p style=\"text-align: center;\"><em>Linnankrouvissa tarjoillaan monenlaisia herkkuja<\/em><\/p>\n<p style=\"text-align: center;\"><a href=\"\/blog\/wp-content\/uploads\/2018\/linnan_krouvi1.jpg\"><img decoding=\"async\" src=\"\/blog\/wp-content\/uploads\/2018\/thumbs\/thumbs_linnan_krouvi1.jpg\" \/><\/a><a href=\"\/blog\/wp-content\/uploads\/2018\/linnan_krouvi2.jpg\"><img decoding=\"async\" src=\"\/blog\/wp-content\/uploads\/2018\/thumbs\/thumbs_linnan_krouvi2.jpg\" \/><\/a><a href=\"\/blog\/wp-content\/uploads\/2018\/linnan_krouvi3.jpg\"><img decoding=\"async\" src=\"\/blog\/wp-content\/uploads\/2018\/thumbs\/thumbs_linnan_krouvi3.jpg\" \/><\/a><\/p>\n<p style=\"text-align: center;\"><em>Laadukas lounas<\/em><\/p>\n<p style=\"text-align: justify;\">Mustiolta on lyhyt puolen tunnin ajomatka Inkoon puolella sijaitsevaan Fagervikin kyl\u00e4\u00e4n, jonka ymp\u00e4rysalue on yksi Suomen kansallismaisemista. Kyl\u00e4ss\u00e4 toimi vuosina 1646-1902 Suomen vanhimpiin kuulunut rautaruukki, josta on j\u00e4ljell\u00e4 ruukkiparakkeja sek\u00e4 kartanoa lukuunottamatta sangen v\u00e4h\u00e4n. Kyl\u00e4ss\u00e4 on pieni ilmainen museo sek\u00e4 kahvio, jotka ovat auki kes\u00e4aikaan.<\/p>\n<p style=\"text-align: center;\"><a href=\"\/blog\/wp-content\/uploads\/2018\/fagervikin_ruukki2.jpg\"><img decoding=\"async\" src=\"\/blog\/wp-content\/uploads\/2018\/thumbs\/thumbs_fagervikin_ruukki2.jpg\" \/><\/a><a href=\"\/blog\/wp-content\/uploads\/2018\/fagervikin_ruukki10.jpg\"><img decoding=\"async\" src=\"\/blog\/wp-content\/uploads\/2018\/thumbs\/thumbs_fagervikin_ruukki10.jpg\" \/><\/a><a href=\"\/blog\/wp-content\/uploads\/2018\/fagervikin_ruukki3.jpg\"><img decoding=\"async\" src=\"\/blog\/wp-content\/uploads\/2018\/thumbs\/thumbs_fagervikin_ruukki3.jpg\" \/><\/a><br \/>\n<a href=\"\/blog\/wp-content\/uploads\/2018\/fagervikin_ruukki4.jpg\"><img decoding=\"async\" src=\"\/blog\/wp-content\/uploads\/2018\/thumbs\/thumbs_fagervikin_ruukki4.jpg\" \/><\/a><a href=\"\/blog\/wp-content\/uploads\/2018\/fagervikin_ruukki5.jpg\"><img decoding=\"async\" src=\"\/blog\/wp-content\/uploads\/2018\/thumbs\/thumbs_fagervikin_ruukki5.jpg\" \/><\/a><a href=\"\/blog\/wp-content\/uploads\/2018\/fagervikin_ruukki8.jpg\"><img decoding=\"async\" src=\"\/blog\/wp-content\/uploads\/2018\/thumbs\/thumbs_fagervikin_ruukki8.jpg\" \/><\/a><\/p>\n<p style=\"text-align: center;\"><em>Entist\u00e4 ruukkialuetta<\/em><\/p>\n<p style=\"text-align: center;\"><a href=\"\/blog\/wp-content\/uploads\/2018\/fagervikin_ruukki1.jpg\"><img decoding=\"async\" src=\"\/blog\/wp-content\/uploads\/2018\/fagervikin_ruukki1.jpg\" \/><\/a><\/p>\n<p style=\"text-align: center;\"><em>Kartanon yksityinen kirkkorakennus<\/em><\/p>\n<p style=\"text-align: justify;\">Toisin kuin Mustion Linna, Fagervikin kartano on suuri kivirakennus. Kartano sijaitsee kauniin j\u00e4rven rannalla ja sen vieress\u00e4 sijaitsee Suomessa harvinainen yksityinen puukirkko. Kartanoa asuttavat ymp\u00e4r\u00f6iv\u00e4t maat nykyisin omistava perhe, eik\u00e4 rakennukseen ole p\u00e4\u00e4sy\u00e4. Pihaa kiert\u00e4\u00e4 kuitenkin pieni yleinen polku, jolta saa k\u00e4sityksen kartanon hyvin hoidetuista maista.<\/p>\n<p style=\"text-align: center;\"><a href=\"\/blog\/wp-content\/uploads\/2018\/fagervikin_ruukki7.jpg\"><img decoding=\"async\" src=\"\/blog\/wp-content\/uploads\/2018\/thumbs\/thumbs_fagervikin_ruukki7.jpg\" \/><\/a><a href=\"\/blog\/wp-content\/uploads\/2018\/fagervikin_ruukki6.jpg\"><img decoding=\"async\" src=\"\/blog\/wp-content\/uploads\/2018\/thumbs\/thumbs_fagervikin_ruukki6.jpg\" \/><\/a><a href=\"\/blog\/wp-content\/uploads\/2018\/fagervikin_ruukki9.jpg\"><img decoding=\"async\" src=\"\/blog\/wp-content\/uploads\/2018\/thumbs\/thumbs_fagervikin_ruukki9.jpg\" \/><\/a><\/p>\n<p style=\"text-align: center;\"><em>Valtava kivirakennus on asutettu<\/em><\/p>\n<p style=\"text-align: justify;\">Vierailu Mustiolla ja Fagervikiss\u00e4 oli kiintoisa p\u00e4iv\u00e4 niin meille kuin vieraillekin ja hieman haikeina l\u00e4hdimme Niinan vanhempien kanssa seuraavana p\u00e4iv\u00e4n\u00e4 ajamaan kohti It\u00e4-Suomea. Harjoitimme t\u00e4ll\u00e4kin matkalla hieman kotimaanmatkailua, ajaen H\u00e4meenlinnan, Asikkalan, Joutsan sek\u00e4 Pieks\u00e4m\u00e4en kautta Joensuuhun. Erityisen kaunis osuus matkalla on etel\u00e4isen P\u00e4ij\u00e4nteen ylitt\u00e4v\u00e4 kapea Pulkkilanharju, jonka kauneus n\u00e4kyisi kaikkein parhaiten ilmasta k\u00e4sin. \ud83d\ude1b<\/p>\n<p style=\"text-align: center;\"><a href=\"\/blog\/wp-content\/uploads\/2018\/pulkkilanharju3.jpg\"><img decoding=\"async\" src=\"\/blog\/wp-content\/uploads\/2018\/thumbs\/thumbs_pulkkilanharju3.jpg\" \/><\/a><a href=\"\/blog\/wp-content\/uploads\/2018\/pulkkilanharju1.jpg\"><img decoding=\"async\" src=\"\/blog\/wp-content\/uploads\/2018\/thumbs\/thumbs_pulkkilanharju1.jpg\" \/><\/a><a href=\"\/blog\/wp-content\/uploads\/2018\/pulkkilanharju2.jpg\"><img decoding=\"async\" src=\"\/blog\/wp-content\/uploads\/2018\/thumbs\/thumbs_pulkkilanharju2.jpg\" \/><\/a><\/p>\n<p style=\"text-align: center;\"><em>Pulkkilanharju P\u00e4ij\u00e4nteen poikki<\/em><\/p>\n<p style=\"text-align: justify;\">My\u00f6s It\u00e4-Suomessa ohjelmassamme oli viett\u00e4\u00e4 aikaa kes\u00e4m\u00f6kill\u00e4 sek\u00e4 harrastaa jonkin verran matkailua. Er\u00e4s matkoistamme oli automatka Rantasalmelle, jossa sijaitsee kylpyl\u00e4hotelli <em>J\u00e4rvisyd\u00e4n<\/em>. Kauniilla paikalla Haukiveden rannalla sijaitsevasta matkailukyl\u00e4st\u00e4 on kasvanut melkoinen matkailukohde, josta l\u00f6ytyy hotelli ja suuri m\u00f6kkikyl\u00e4. Uusimmat majoitusmuodot ovat laiturissa kelluva laivahytti sek\u00e4 ymp\u00e4r\u00f6iv\u00e4\u00e4n rinteeseen t\u00e4n\u00e4 kes\u00e4n\u00e4 valmistuvat lasikattoiset sviitit.<\/p>\n<p style=\"text-align: center;\"><a href=\"\/blog\/wp-content\/uploads\/2018\/kesamokilla9.jpg\"><img decoding=\"async\" src=\"\/blog\/wp-content\/uploads\/2018\/thumbs\/thumbs_kesamokilla9.jpg\" \/><\/a><a href=\"\/blog\/wp-content\/uploads\/2018\/kesamokilla4.jpg\"><img decoding=\"async\" src=\"\/blog\/wp-content\/uploads\/2018\/thumbs\/thumbs_kesamokilla4.jpg\" \/><\/a><a href=\"\/blog\/wp-content\/uploads\/2018\/kesamokilla5.jpg\"><img decoding=\"async\" src=\"\/blog\/wp-content\/uploads\/2018\/thumbs\/thumbs_kesamokilla5.jpg\" \/><\/a><\/p>\n<p style=\"text-align: center;\"><em>Lis\u00e4\u00e4 kes\u00e4m\u00f6kkeily\u00e4 It\u00e4-Suomessa<\/em><\/p>\n<p style=\"text-align: center;\"><a href=\"\/blog\/wp-content\/uploads\/2018\/kesamokilla6.jpg\"><img decoding=\"async\" src=\"\/blog\/wp-content\/uploads\/2018\/kesamokilla6.jpg\" \/><\/a><\/p>\n<p style=\"text-align: center;\"><em>Kaunis kes\u00e4p\u00e4iv\u00e4<\/em><\/p>\n<p style=\"text-align: justify;\">Koko kompleksi on rakennettu puusta ja yksityiskohtiin on k\u00e4ytetty muun muassa runsaasti vuolukive\u00e4. Teema jatkuu my\u00f6s upouudessa kylpyl\u00e4ss\u00e4, joka avautui yleis\u00f6lle viime vuonna. Upeassa hemmottelukylpyl\u00e4ss\u00e4 on viisi eri teemaista saunaa sek\u00e4 yhteens\u00e4 kuusi eri allasta. Kylpyl\u00e4st\u00e4 on my\u00f6s suora p\u00e4\u00e4sy uimaan j\u00e4rvess\u00e4, joskin l\u00e4mpim\u00e4t altaat pitiv\u00e4t meid\u00e4t visusti luonaan hieman viilenness\u00e4 kes\u00e4keliss\u00e4.<\/p>\n<p style=\"text-align: justify;\">J\u00e4rvisyd\u00e4n teki meihin vaikutuksen ja kylpyl\u00e4 on suunniteltu upeasti. Se muistutti meit\u00e4 jonkin verran muutama vuosi sitten vierailemastamme\u00a0<a title=\"El\u00e4myskylpy Kolilla\" href=\"https:\/\/www.vuosiamaailmalla.fi\/?p=7631\">Kolin uudesta kylpyl\u00e4st\u00e4<\/a> ja molempia voi suositella l\u00e4mm\u00f6ll\u00e4 It\u00e4-Suomessa vieraileville. J\u00e4rvisyd\u00e4mess\u00e4 sijaitsee my\u00f6s hyv\u00e4 ravintola, jonka tiloissa nautimme hyv\u00e4st\u00e4 perinneruoasta.<\/p>\n<p style=\"text-align: center;\"><iframe loading=\"lazy\" src=\"https:\/\/www.youtube-nocookie.com\/embed\/7zpyWmcVRHc?rel=0\" width=\"560\" height=\"315\" frameborder=\"0\" allowfullscreen=\"allowfullscreen\"><\/iframe><\/p>\n<p style=\"text-align: center;\"><em>J\u00e4rvisyd\u00e4n on monipuolinen matkailukohde<\/em><\/p>\n<p style=\"text-align: justify;\">On hienoa n\u00e4hd\u00e4 miten paljon matkailukohteita Suomestakin l\u00f6ytyy ja ei ole ihme, ett\u00e4 matkailijat ovat alkaneet viime vuosina l\u00f6yt\u00e4m\u00e4\u00e4n Suomeen. Esimerkiksi J\u00e4rvisyd\u00e4mess\u00e4 oli runsaasti ulkomaisia matkailijoita Ruotsista, joita oli useampi autokunnallinen.<\/p>\n<p style=\"text-align: justify;\">Paluumatkalla kylpyl\u00e4st\u00e4 ajoimme Savonlinnan kautta, joka on meille opiskeluajoilta sangen tuttu kes\u00e4kaupunki hyvin kauniilla paikalla. Ilta alkoi Savonlinnan kohdilla jo pimenty\u00e4 ja niinp\u00e4 ajoimmekin melkein suorinta tiet\u00e4 takaisin kotiin.<\/p>\n<p style=\"text-align: justify;\">Kaksiviikkoisen kes\u00e4lomamme viimeinen erikoisuus oli purjehdus Joensuuhun Niinan vanhempien veneell\u00e4. En ole aiemmin ollut heid\u00e4n kanssaan venematkalla, joten oli kiintoisaa purjehtia m\u00f6kkirannasta noin kolmen tunnin matka Pyh\u00e4sel\u00e4n poikki Joensuun matkustajasatamaan. Suomen vesireitit on opastettu todella hyvin ja niiden perusteella min\u00e4kin osasin ajaa veneell\u00e4 pitki\u00e4 matkoja. Pohjois-Saimaaseen lasketaan Pohjois-Karjalankin alueen kymmeni\u00e4 j\u00e4rvi\u00e4 ja alue on vedelt\u00e4 k\u00e4sin eritt\u00e4in kaunista. \ud83d\ude42<\/p>\n<p style=\"text-align: center;\"><a href=\"\/blog\/wp-content\/uploads\/2018\/matkalla_joensuuhun2.jpg\"><img decoding=\"async\" src=\"\/blog\/wp-content\/uploads\/2018\/thumbs\/thumbs_matkalla_joensuuhun2.jpg\" \/><\/a><a href=\"\/blog\/wp-content\/uploads\/2018\/matkalla_joensuuhun1.jpg\"><img decoding=\"async\" src=\"\/blog\/wp-content\/uploads\/2018\/thumbs\/thumbs_matkalla_joensuuhun1.jpg\" \/><\/a><a href=\"\/blog\/wp-content\/uploads\/2018\/matkalla_joensuuhun5.jpg\"><img decoding=\"async\" src=\"\/blog\/wp-content\/uploads\/2018\/thumbs\/thumbs_matkalla_joensuuhun5.jpg\" \/><\/a><\/p>\n<p style=\"text-align: center;\"><em>Navigointia sis\u00e4vesill\u00e4<\/em><\/p>\n<p style=\"text-align: justify;\">Olin yll\u00e4tt\u00e4nyt miten matalia Sis\u00e4-Suomen j\u00e4rvet ovat ja Pyh\u00e4sel\u00e4n kaltaisenkin suuren j\u00e4rven isot alueet ovat vain muutaman metrin syvyisi\u00e4. T\u00e4ss\u00e4 on melkoinen ero Vancouveriin, jossa pelk\u00e4st\u00e4\u00e4n Downtownin ja North Shoren erottava noin kilometrin levyinen vesi on satoja metrej\u00e4 syv\u00e4.<\/p>\n<p><a href=\"\/blog\/wp-content\/uploads\/2018\/matkalla_joensuuhun6.jpg\"><img decoding=\"async\" src=\"\/blog\/wp-content\/uploads\/2018\/thumbs\/thumbs_matkalla_joensuuhun6.jpg\" \/><\/a><a href=\"\/blog\/wp-content\/uploads\/2018\/matkalla_joensuuhun8.jpg\"><img decoding=\"async\" src=\"\/blog\/wp-content\/uploads\/2018\/thumbs\/thumbs_matkalla_joensuuhun8.jpg\" \/><\/a><a href=\"\/blog\/wp-content\/uploads\/2018\/uusi_penttila1.jpg\"><img decoding=\"async\" src=\"\/blog\/wp-content\/uploads\/2018\/thumbs\/thumbs_uusi_penttila1.jpg\" \/><\/a><\/p>\n<p style=\"text-align: center;\"><em>Matkalla kohti Joensuuta<\/em><\/p>\n<p style=\"text-align: justify;\">Vesitse Joensuuta l\u00e4hestytt\u00e4ess\u00e4 on kiintoisaa n\u00e4hd\u00e4 itselle todella tuttu kaupunki t\u00e4ysin uudesta n\u00e4k\u00f6kulmasta. Vaikka Joensuun rakennukset ovatkin matalia, erottuvat Niinivaaralla sijaitsevan keskussairaalan rakennukset jo kaukaa ulapalta. Joensuun matkailusatama sijaitsee keskustan kupeessa ja vaatii pienen purjehduksen Pielisjokea yl\u00e4virtaan. Matkalla ohitetaan uuden Penttil\u00e4n asutusalueen puinen k\u00e4velysilta, joka k\u00e4\u00e4ntyy auki veneilij\u00f6ille puhelinsoitolla.<\/p>\n<p style=\"text-align: center;\"><a href=\"\/blog\/wp-content\/uploads\/2018\/uusi_penttila3.jpg\"><img decoding=\"async\" src=\"\/blog\/wp-content\/uploads\/2018\/thumbs\/thumbs_uusi_penttila3.jpg\" \/><\/a><a href=\"\/blog\/wp-content\/uploads\/2018\/uusi_penttila2.jpg\"><img decoding=\"async\" src=\"\/blog\/wp-content\/uploads\/2018\/thumbs\/thumbs_uusi_penttila2.jpg\" \/><\/a><a href=\"\/blog\/wp-content\/uploads\/2018\/uusi_penttila7.jpg\"><img decoding=\"async\" src=\"\/blog\/wp-content\/uploads\/2018\/thumbs\/thumbs_uusi_penttila7.jpg\" \/><\/a><\/p>\n<p style=\"text-align: center;\"><em>Uusi k\u00e4\u00e4nt\u00f6silta Pielisjoen ylitse<\/em><\/p>\n<p style=\"text-align: center;\"><a href=\"\/blog\/wp-content\/uploads\/2018\/joensuun_keskustaa2.jpg\"><img decoding=\"async\" src=\"\/blog\/wp-content\/uploads\/2018\/joensuun_keskustaa2.jpg\" \/><\/a><\/p>\n<p style=\"text-align: center;\"><em>Joensuun matkailusatama<\/em><\/p>\n<p style=\"text-align: center;\"><a href=\"\/blog\/wp-content\/uploads\/2018\/uusi_penttila5.jpg\"><img decoding=\"async\" src=\"\/blog\/wp-content\/uploads\/2018\/thumbs\/thumbs_uusi_penttila5.jpg\" \/><\/a><a href=\"\/blog\/wp-content\/uploads\/2018\/uusi_penttila6.jpg\"><img decoding=\"async\" src=\"\/blog\/wp-content\/uploads\/2018\/thumbs\/thumbs_uusi_penttila6.jpg\" \/><\/a><a href=\"\/blog\/wp-content\/uploads\/2018\/uusi_penttila4.jpg\"><img decoding=\"async\" src=\"\/blog\/wp-content\/uploads\/2018\/thumbs\/thumbs_uusi_penttila4.jpg\" \/><\/a><\/p>\n<p style=\"text-align: center;\"><em>Uusi Penttil\u00e4n asuinalue keskustan kupeessa<\/em><\/p>\n<p style=\"text-align: justify;\">Syy venematkallemme Joensuuhun oli kaupungissa tuona viikonloppuna j\u00e4rjestetyt <em>Kansainv\u00e4liset Suurmarkkinat<\/em> matkustajasataman luona. Paikalla oli torikauppiaita kymmenist\u00e4 eri maista, esittelem\u00e4ss\u00e4 hieman erilaisia herkkuja. Kiersimme kahden p\u00e4iv\u00e4n aikana markkinoilla useampaankin kertaan maistelemassa eri kojujen tuotoksia.<\/p>\n<p style=\"text-align: center;\"><a href=\"\/blog\/wp-content\/uploads\/2018\/kansainvaliset_suurmarkkinat4.jpg\"><img decoding=\"async\" src=\"\/blog\/wp-content\/uploads\/2018\/thumbs\/thumbs_kansainvaliset_suurmarkkinat4.jpg\" \/><\/a><a href=\"\/blog\/wp-content\/uploads\/2018\/kansainvaliset_suurmarkkinat2.jpg\"><img decoding=\"async\" src=\"\/blog\/wp-content\/uploads\/2018\/thumbs\/thumbs_kansainvaliset_suurmarkkinat2.jpg\" \/><\/a><a href=\"\/blog\/wp-content\/uploads\/2018\/kansainvaliset_suurmarkkinat3.jpg\"><img decoding=\"async\" src=\"\/blog\/wp-content\/uploads\/2018\/thumbs\/thumbs_kansainvaliset_suurmarkkinat3.jpg\" \/><\/a><br \/>\n<a href=\"\/blog\/wp-content\/uploads\/2018\/kansainvaliset_suurmarkkinat1.jpg\"><img decoding=\"async\" src=\"\/blog\/wp-content\/uploads\/2018\/thumbs\/thumbs_kansainvaliset_suurmarkkinat1.jpg\" \/><\/a><a href=\"\/blog\/wp-content\/uploads\/2018\/kansainvaliset_suurmarkkinat5.jpg\"><img decoding=\"async\" src=\"\/blog\/wp-content\/uploads\/2018\/thumbs\/thumbs_kansainvaliset_suurmarkkinat5.jpg\" \/><\/a><\/p>\n<p style=\"text-align: center;\"><em>Kansainv\u00e4liset suurmarkkinat houkuttelivat runsaasti yleis\u00f6\u00e4<\/em><\/p>\n<p style=\"text-align: center;\"><a href=\"\/blog\/wp-content\/uploads\/2018\/joensuun_keskustaa1.jpg\"><img decoding=\"async\" src=\"\/blog\/wp-content\/uploads\/2018\/thumbs\/thumbs_joensuun_keskustaa1.jpg\" \/><\/a><a href=\"\/blog\/wp-content\/uploads\/2018\/suvantosilta_avoinna.jpg\"><img decoding=\"async\" src=\"\/blog\/wp-content\/uploads\/2018\/thumbs\/thumbs_suvantosilta_avoinna.jpg\" \/><\/a><a href=\"\/blog\/wp-content\/uploads\/2018\/suvantosilta.jpg\"><img decoding=\"async\" src=\"\/blog\/wp-content\/uploads\/2018\/thumbs\/thumbs_suvantosilta.jpg\" \/><\/a><br \/>\n<a href=\"\/blog\/wp-content\/uploads\/2018\/uudistettu_ilosaari1.jpg\"><img decoding=\"async\" src=\"\/blog\/wp-content\/uploads\/2018\/thumbs\/thumbs_uudistettu_ilosaari1.jpg\" \/><\/a><a href=\"\/blog\/wp-content\/uploads\/2018\/uudistettu_ilosaari2.jpg\"><img decoding=\"async\" src=\"\/blog\/wp-content\/uploads\/2018\/thumbs\/thumbs_uudistettu_ilosaari2.jpg\" \/><\/a><a href=\"\/blog\/wp-content\/uploads\/2018\/uudistettu_ilosaari3.jpg\"><img decoding=\"async\" src=\"\/blog\/wp-content\/uploads\/2018\/thumbs\/thumbs_uudistettu_ilosaari3.jpg\" \/><\/a><\/p>\n<p style=\"text-align: center;\"><em>Joensuun keskusta on opiskeluajoilta tuttu<\/em><\/p>\n<p style=\"text-align: justify;\">Samana iltana j\u00e4rjestettiin my\u00f6s Joensuun Laulurinteell\u00e4 puolustusvoimien taistelun\u00e4yt\u00f6s. Ilmainen n\u00e4yt\u00f6s oli osa puolustusvoimien satavuotisjuhlakiertuetta ja siin\u00e4 esiteltiin eri puolustushaarojen toimintaa videoiden ja r\u00e4j\u00e4hdyspanosten kanssa. N\u00e4ht\u00e4vill\u00e4 oli runsaasti armeijan kalustoa, mik\u00e4 veresti allekirjoittaneen nyt jo 18 vuoden takaisia muistoja. Itse taisteluesitys oli kiintoisa puolituntinen, joka veti paikalle yli 6000 asukkaan yleis\u00f6n katsomaan tankkien kurvailua hiekkakent\u00e4ll\u00e4.<\/p>\n<p style=\"text-align: center;\"><a href=\"\/blog\/wp-content\/uploads\/2018\/taistelunaytoksessa2.jpg\"><img decoding=\"async\" src=\"\/blog\/wp-content\/uploads\/2018\/thumbs\/thumbs_taistelunaytoksessa2.jpg\" \/><\/a><a href=\"\/blog\/wp-content\/uploads\/2018\/taistelunaytoksessa3.jpg\"><img decoding=\"async\" src=\"\/blog\/wp-content\/uploads\/2018\/thumbs\/thumbs_taistelunaytoksessa3.jpg\" \/><\/a><a href=\"\/blog\/wp-content\/uploads\/2018\/taistelunaytoksessa1.jpg\"><img decoding=\"async\" src=\"\/blog\/wp-content\/uploads\/2018\/thumbs\/thumbs_taistelunaytoksessa1.jpg\" \/><\/a><br \/>\n<a href=\"\/blog\/wp-content\/uploads\/2018\/taistelunaytoksessa4.jpg\"><img decoding=\"async\" src=\"\/blog\/wp-content\/uploads\/2018\/thumbs\/thumbs_taistelunaytoksessa4.jpg\" \/><\/a><a href=\"\/blog\/wp-content\/uploads\/2018\/taistelunaytoksessa5.jpg\"><img decoding=\"async\" src=\"\/blog\/wp-content\/uploads\/2018\/thumbs\/thumbs_taistelunaytoksessa5.jpg\" \/><\/a><a href=\"\/blog\/wp-content\/uploads\/2018\/taistelunaytoksessa6.jpg\"><img decoding=\"async\" src=\"\/blog\/wp-content\/uploads\/2018\/thumbs\/thumbs_taistelunaytoksessa6.jpg\" \/><\/a><\/p>\n<p style=\"text-align: center;\"><em>Puolustusvoimat esitteli toimintakyky\u00e4\u00e4n<\/em><\/p>\n<p style=\"text-align: justify;\">Vietimme y\u00f6n veneen tiloissa nukkuen ja seuraavana p\u00e4iv\u00e4n\u00e4 ajoimme upeassa auringonpaisteessa takaisin kes\u00e4m\u00f6kille. Venematka j\u00e4i mieliimme mukavana retken\u00e4 ja It\u00e4-Suomen alueelta l\u00f6ytyykin runsaasti erilaisia vesireittej\u00e4, joita appivanhempani ovatkin viime vuosina innolla kolunneet, enk\u00e4 ihmettele en\u00e4\u00e4 miksi! \ud83d\ude2e<\/p>\n<p style=\"text-align: center;\"><a href=\"\/blog\/wp-content\/uploads\/2018\/botskin_sisalla1.jpg\"><img decoding=\"async\" src=\"\/blog\/wp-content\/uploads\/2018\/thumbs\/thumbs_botskin_sisalla1.jpg\" \/><\/a><a href=\"\/blog\/wp-content\/uploads\/2018\/botskin_sisalla2.jpg\"><img decoding=\"async\" src=\"\/blog\/wp-content\/uploads\/2018\/thumbs\/thumbs_botskin_sisalla2.jpg\" \/><\/a><\/p>\n<p style=\"text-align: center;\"><em>Veneess\u00e4 sai y\u00f6ll\u00e4 hyvin unta<\/em><\/p>\n<p style=\"text-align: center;\"><a href=\"\/blog\/wp-content\/uploads\/2018\/matkalla_joensuuhun7.jpg\"><img decoding=\"async\" src=\"\/blog\/wp-content\/uploads\/2018\/thumbs\/thumbs_matkalla_joensuuhun7.jpg\" \/><\/a><a href=\"\/blog\/wp-content\/uploads\/2018\/matkalla_joensuuhun4.jpg\"><img decoding=\"async\" src=\"\/blog\/wp-content\/uploads\/2018\/thumbs\/thumbs_matkalla_joensuuhun4.jpg\" \/><\/a><a href=\"\/blog\/wp-content\/uploads\/2018\/matkalla_joensuuhun3.jpg\"><img decoding=\"async\" src=\"\/blog\/wp-content\/uploads\/2018\/thumbs\/thumbs_matkalla_joensuuhun3.jpg\" \/><\/a><\/p>\n<p style=\"text-align: center;\"><em>Kaunis paluumatkan s\u00e4\u00e4<\/em><\/p>\n<p style=\"text-align: justify;\">Parin viikon rennon oleskelun j\u00e4lkeen loma alkoi l\u00e4hesty\u00e4 loppua ja edess\u00e4 oli pitk\u00e4 matka kotiin. Lensimme poikkeuksellisesti Kuopion kent\u00e4lt\u00e4 Helsinkiin ja siit\u00e4 sitten Lontoon kautta Vancouveriin. Kotona meit\u00e4 odotti <a title=\"Mets\u00e4palokauden huipentuma\" href=\"https:\/\/www.vuosiamaailmalla.fi\/?p=9757\">mets\u00e4palosavuinen ilma<\/a>, joka on onneksi t\u00e4t\u00e4 kirjoittaessa jo kadonnut.<\/p>\n<p style=\"text-align: justify;\">Kes\u00e4loma Suomessa j\u00e4tti hyv\u00e4n mielen ja kivat muistot, joidenka voimin olemme j\u00e4lleen palanneet arkeen. Vaikka kes\u00e4 onkin parasta aikaa Suomessa, lienee seuraava reissumme silti j\u00e4lleen jouluna. Tuleva joulu se ei kuitenkaan ole, sill\u00e4 olemme tuolloin New Yorkissa, mutta vuosikymmenen taiteessa saavumme viett\u00e4m\u00e4\u00e4n <a title=\"Joululoma nostalgisissa merkeiss\u00e4\" href=\"https:\/\/www.vuosiamaailmalla.fi\/?p=10512\">joulua ja uuttavuotta<\/a> Suomeen.<\/p>\n","protected":false},"excerpt":{"rendered":"<p>Kaukana kotoa asuttaessa lomasuunnitelmia on usein runsaasti, mutta itse lomaa v\u00e4h\u00e4n. Vierailut Suomessa joutuukin usein rajoittamaan vain yhteen vuodessa, sill\u00e4 lomaa haluaa viett\u00e4\u00e4 my\u00f6s muualla kuin Suomessa. Tilanne oli eri Berliiniss\u00e4, josta k\u00e4sin oli mahdollista k\u00e4yd\u00e4 Suomessa vaikka lyhyell\u00e4 viikonloppureissulla, mutta t\u00e4\u00e4lt\u00e4 Kanadasta k\u00e4sin t\u00e4llainen ei ole mahdollista. Niinp\u00e4 olemmekin vierailleet Suomessa l\u00e4hes poikkeuksetta jouluisin &hellip; <a href=\"https:\/\/www.vuosiamaailmalla.fi\/blog\/2018\/kesamatkailua-suomessa\/\" class=\"more-link\">Jatka lukemista<span class=\"screen-reader-text\"> &#8221;Kes\u00e4matkailua Suomessa&#8221;<\/span><\/a><\/p>\n","protected":false},"author":1,"featured_media":9815,"comment_status":"open","ping_status":"open","sticky":false,"template":"","format":"standard","meta":{"_jetpack_memberships_contains_paid_content":false,"footnotes":""},"categories":[7,885],"tags":[1357,139,148,1358,159,1477,1356,198],"class_list":["post-9803","post","type-post","status-publish","format-standard","has-post-thumbnail","hentry","category-matkakertomukset","category-suomi","tag-fagervik","tag-historiaa-2","tag-joensuu","tag-jarvisydan","tag-kesa","tag-kylpyla","tag-mustion-linna","tag-suomi"],"jetpack_featured_media_url":"https:\/\/www.vuosiamaailmalla.fi\/blog\/wp-content\/uploads\/kesamokilla_banner.jpg","jetpack_sharing_enabled":true,"_links":{"self":[{"href":"https:\/\/www.vuosiamaailmalla.fi\/blog\/wp-json\/wp\/v2\/posts\/9803","targetHints":{"allow":["GET"]}}],"collection":[{"href":"https:\/\/www.vuosiamaailmalla.fi\/blog\/wp-json\/wp\/v2\/posts"}],"about":[{"href":"https:\/\/www.vuosiamaailmalla.fi\/blog\/wp-json\/wp\/v2\/types\/post"}],"author":[{"embeddable":true,"href":"https:\/\/www.vuosiamaailmalla.fi\/blog\/wp-json\/wp\/v2\/users\/1"}],"replies":[{"embeddable":true,"href":"https:\/\/www.vuosiamaailmalla.fi\/blog\/wp-json\/wp\/v2\/comments?post=9803"}],"version-history":[{"count":0,"href":"https:\/\/www.vuosiamaailmalla.fi\/blog\/wp-json\/wp\/v2\/posts\/9803\/revisions"}],"wp:featuredmedia":[{"embeddable":true,"href":"https:\/\/www.vuosiamaailmalla.fi\/blog\/wp-json\/wp\/v2\/media\/9815"}],"wp:attachment":[{"href":"https:\/\/www.vuosiamaailmalla.fi\/blog\/wp-json\/wp\/v2\/media?parent=9803"}],"wp:term":[{"taxonomy":"category","embeddable":true,"href":"https:\/\/www.vuosiamaailmalla.fi\/blog\/wp-json\/wp\/v2\/categories?post=9803"},{"taxonomy":"post_tag","embeddable":true,"href":"https:\/\/www.vuosiamaailmalla.fi\/blog\/wp-json\/wp\/v2\/tags?post=9803"}],"curies":[{"name":"wp","href":"https:\/\/api.w.org\/{rel}","templated":true}]}}