{"id":981,"date":"2011-09-25T11:18:40","date_gmt":"2011-09-25T18:18:40","guid":{"rendered":"http:\/\/13.53.127.146\/?p=981"},"modified":"2021-02-09T19:04:43","modified_gmt":"2021-02-10T03:04:43","slug":"poliitikon-poika-pidatettiin-autojen-tuhopoltosta-taas","status":"publish","type":"post","link":"https:\/\/www.vuosiamaailmalla.fi\/blog\/2011\/poliitikon-poika-pidatettiin-autojen-tuhopoltosta-taas\/","title":{"rendered":"Poliitikon poika pid\u00e4tettiin autojen tuhopoltosta j\u00e4lleen"},"content":{"rendered":"<p style=\"text-align: justify;\">Berliiniss\u00e4 tehtiin eilen aamuy\u00f6st\u00e4 merkitt\u00e4v\u00e4 pid\u00e4tys autojen tuhopolttosarjaan liittyen. Mittess\u00e4 pid\u00e4tettiin 25-vuotias Tobias Poge kahden palavan auton l\u00e4hettyvilt\u00e4 ep\u00e4ilytt\u00e4viss\u00e4 olosuhteissa. Pid\u00e4tys on mielenkiintoinen, sill\u00e4 Tobias Poge on Lichtenbergin kaupunginosahallituksessa istuvan, <em>Die Linken<\/em> (vasemmistopuolueen)\u00a0riveihin kuuluvan, Detlef Pogenin poika. Kiintoisaa on my\u00f6s, ett\u00e4 Tobias pid\u00e4tettiin vastaavissa olosuhteissa my\u00f6s marraskuussa 2009 Friedrichshainissa. Tuolloin h\u00e4nen hallustaan l\u00f6ytyi jopa bensakanisteri samaan aikaan kun l\u00e4hist\u00f6ll\u00e4 roihusi autoja. Oikeuden mielest\u00e4 t\u00e4ysin pit\u00e4v\u00e4 n\u00e4ytt\u00f6 kuitenkin puuttui ja niin Tobias vapautettiin viiden viikon tutkintavankeuden j\u00e4lkeen.<\/p>\n<p><!--more--><\/p>\n<p style=\"text-align: center;\"><a href=\"\/blog\/wp-content\/uploads\/2011\/tobias_poge.jpg\" target=\"_blank\" rel=\"noopener\"><img decoding=\"async\" style=\"border: 0px none; margin: 5px;\" src=\"\/blog\/wp-content\/uploads\/2011\/tobias_poge.jpg\" alt=\"\" \/><\/a><\/p>\n<p style=\"text-align: center;\"><em>Tobias Pogen vuoden 2009 pid\u00e4tyskuva<\/em><\/p>\n<p style=\"text-align: justify;\">Kuten aiemmin <a title=\"Autojen tuhopolttosarja laantui\" href=\"https:\/\/www.vuosiamaailmalla.fi\/?p=729\">kerroin<\/a>, oletetaan ett\u00e4 ainakin puolet autojen tuhopoltoista olisi poliittisesti motivoituneita. Vasemmistolaisen Tobiaksen tapauskaan ei yll\u00e4t\u00e4, sill\u00e4 kaveri on tietojen mukaan todellinen aktiivi. Osoitteekseen h\u00e4n esimerkiksi ilmoittaa Friedrischainissa sijaitsevan vallatun <a href=\"https:\/\/maps.google.com\/maps?q=berlin&amp;hl=fi&amp;ll=52.517736,13.457007&amp;spn=0.010302,0.027874&amp;sll=37.0625,-95.677068&amp;sspn=54.269804,114.169922&amp;vpsrc=6&amp;t=m&amp;z=16&amp;layer=c&amp;cbll=52.517813,13.457093&amp;panoid=-22JEeTF3NYNBvRKCPCAMw&amp;cbp=12,337.83,,0,-14.27\">talon<\/a>, jossa asustelee monenlaista vasemmistolaista roskav\u00e4ke\u00e4. N\u00e4it\u00e4 vallattuja taloja on pitkin Berliini\u00e4 ja niit\u00e4 kaikkia yhdist\u00e4\u00e4 j\u00e4rkytt\u00e4v\u00e4 rakennuksen ja ymp\u00e4r\u00f6iv\u00e4n alueen sotkuisuus. Enp\u00e4 olisi yll\u00e4ttynyt, jos suurin osa ymp\u00e4r\u00f6ivist\u00e4 sotkuista olisi saman porukan tuotoksia, sill\u00e4 vasemmistoaktiivien p\u00e4\u00e4llimm\u00e4isi\u00e4 agendoja on taistelu erityisesti Prenzlauer Bergin, Friedrichshainin sek\u00e4 Kreuzbergin voimakasta gentrifikoitumista vastaan.<\/p>\n<p style=\"text-align: justify;\">N\u00e4m\u00e4 entisen ty\u00f6v\u00e4en kaupunginosat ovat viimeisen kymmenen vuoden aikana nostaneet voimakkaasti suosiotaan ja niist\u00e4 on tullut keskiluokan uusia trendikk\u00e4it\u00e4 asuinalueita. T\u00e4m\u00e4 on johtanut vuokrien prosentuaalisesti voimakkaaseen nousuun, sill\u00e4 aiemmin n\u00e4ill\u00e4 hyv\u00e4n sijainnin alueilla on ollut eritt\u00e4in edullista asua. Syyp\u00e4\u00e4ksi aktivistit kokevat n\u00e4m\u00e4 alueelle muuttaneet keskiluokkaiset &#8221;jupit&#8221; ja niinp\u00e4 n\u00e4m\u00e4 yritet\u00e4\u00e4n pit\u00e4\u00e4 poissa sotkemalla paikkoja sek\u00e4 polttamalla erityisesti arvokkaita autoja.<\/p>\n<p style=\"text-align: justify;\">Logiikka on aktivisteilla t\u00e4ysin kadoksissa, sill\u00e4 kaupungilla on kymmenen vuoden SPD:n ja Die Linken -hallituskoalition j\u00e4ljilt\u00e4 64 miljardia euroa velkaa, joten jokainen parempi veronmaksaja on Berliinille kullan arvoinen. Silti aktivistien toimille l\u00f6ytyy ymm\u00e4rryst\u00e4 poliittisissakin piireiss\u00e4. Kiintoisia olivat ennen viime viikonlopun <a title=\"P\u00e4\u00e4t\u00f6s supervaalivuodelle\" href=\"https:\/\/www.vuosiamaailmalla.fi\/?p=843\">vaaleja<\/a> tekem\u00e4ss\u00e4ni vaalikoneessa esiintyneet kaksi kysymyst\u00e4 vasemmisto- ja oikeistoradikalismin voimakkaamman torjunnan tarpeesta. Kaikki puolueet SPD:t\u00e4 ja Die Linke\u00e4 lukuunottamatta kannattivat kummankin torjuntaa, n\u00e4m\u00e4 vain oikeistoradikalismin tarkempaa valvontaa. T\u00e4m\u00e4 kertoo hyvin, miten laajamittainen radikalismi on pysynyt kaupungissa voimissaan vuosia.<\/p>\n","protected":false},"excerpt":{"rendered":"<p>Berliiniss\u00e4 tehtiin eilen aamuy\u00f6st\u00e4 merkitt\u00e4v\u00e4 pid\u00e4tys autojen tuhopolttosarjaan liittyen. Mittess\u00e4 pid\u00e4tettiin 25-vuotias Tobias Poge kahden palavan auton l\u00e4hettyvilt\u00e4 ep\u00e4ilytt\u00e4viss\u00e4 olosuhteissa. Pid\u00e4tys on mielenkiintoinen, sill\u00e4 Tobias Poge on Lichtenbergin kaupunginosahallituksessa istuvan, Die Linken (vasemmistopuolueen)\u00a0riveihin kuuluvan, Detlef Pogenin poika. Kiintoisaa on my\u00f6s, ett\u00e4 Tobias pid\u00e4tettiin vastaavissa olosuhteissa my\u00f6s marraskuussa 2009 Friedrichshainissa. Tuolloin h\u00e4nen hallustaan l\u00f6ytyi jopa bensakanisteri &hellip; <a href=\"https:\/\/www.vuosiamaailmalla.fi\/blog\/2011\/poliitikon-poika-pidatettiin-autojen-tuhopoltosta-taas\/\" class=\"more-link\">Jatka lukemista<span class=\"screen-reader-text\"> &#8221;Poliitikon poika pid\u00e4tettiin autojen tuhopoltosta j\u00e4lleen&#8221;<\/span><\/a><\/p>\n","protected":false},"author":1,"featured_media":11711,"comment_status":"open","ping_status":"open","sticky":false,"template":"","format":"standard","meta":{"_jetpack_memberships_contains_paid_content":false,"footnotes":""},"categories":[18,3],"tags":[25,39,49,52,55,56,275,190],"class_list":["post-981","post","type-post","status-publish","format-standard","has-post-thumbnail","hentry","category-arki-saksassa","category-arki-ulkomailla","tag-ajankohtaista","tag-autot","tag-berliini","tag-berlin-friedrichshain","tag-berlin-lichtenberg","tag-berlin-mitte","tag-rikollisuus","tag-saksa"],"jetpack_featured_media_url":"https:\/\/www.vuosiamaailmalla.fi\/blog\/wp-content\/uploads\/tobias_poge_banner-1.jpg","jetpack_sharing_enabled":true,"_links":{"self":[{"href":"https:\/\/www.vuosiamaailmalla.fi\/blog\/wp-json\/wp\/v2\/posts\/981","targetHints":{"allow":["GET"]}}],"collection":[{"href":"https:\/\/www.vuosiamaailmalla.fi\/blog\/wp-json\/wp\/v2\/posts"}],"about":[{"href":"https:\/\/www.vuosiamaailmalla.fi\/blog\/wp-json\/wp\/v2\/types\/post"}],"author":[{"embeddable":true,"href":"https:\/\/www.vuosiamaailmalla.fi\/blog\/wp-json\/wp\/v2\/users\/1"}],"replies":[{"embeddable":true,"href":"https:\/\/www.vuosiamaailmalla.fi\/blog\/wp-json\/wp\/v2\/comments?post=981"}],"version-history":[{"count":1,"href":"https:\/\/www.vuosiamaailmalla.fi\/blog\/wp-json\/wp\/v2\/posts\/981\/revisions"}],"predecessor-version":[{"id":11712,"href":"https:\/\/www.vuosiamaailmalla.fi\/blog\/wp-json\/wp\/v2\/posts\/981\/revisions\/11712"}],"wp:featuredmedia":[{"embeddable":true,"href":"https:\/\/www.vuosiamaailmalla.fi\/blog\/wp-json\/wp\/v2\/media\/11711"}],"wp:attachment":[{"href":"https:\/\/www.vuosiamaailmalla.fi\/blog\/wp-json\/wp\/v2\/media?parent=981"}],"wp:term":[{"taxonomy":"category","embeddable":true,"href":"https:\/\/www.vuosiamaailmalla.fi\/blog\/wp-json\/wp\/v2\/categories?post=981"},{"taxonomy":"post_tag","embeddable":true,"href":"https:\/\/www.vuosiamaailmalla.fi\/blog\/wp-json\/wp\/v2\/tags?post=981"}],"curies":[{"name":"wp","href":"https:\/\/api.w.org\/{rel}","templated":true}]}}