{"id":984,"date":"2009-12-18T18:36:37","date_gmt":"2009-12-19T02:36:37","guid":{"rendered":"http:\/\/13.53.127.146\/?p=984"},"modified":"2021-02-25T21:20:14","modified_gmt":"2021-02-26T05:20:14","slug":"pikkujoulut-entisella-uimahallilla","status":"publish","type":"post","link":"https:\/\/www.vuosiamaailmalla.fi\/blog\/2009\/pikkujoulut-entisella-uimahallilla\/","title":{"rendered":"Pikkujoulut entisell\u00e4 uimahallilla"},"content":{"rendered":"<p style=\"text-align: justify;\">Joulun odotukseen kuuluvat tietenkin pikkujoulut, jotka firmamme on j\u00e4rjest\u00e4nytkin joka vuosi joulukuun loppupuolella. Kiintoisinta firman pikkujouluissa ovat erikoiset paikat, joissa niit\u00e4 on yleens\u00e4 j\u00e4rjestetty. Ja Berliiniss\u00e4h\u00e4n t\u00e4llaisia paikkoja riitt\u00e4\u00e4! T\u00e4m\u00e4nvuotiset pikkujoulut j\u00e4rjestettiin eilen Prenzlauer Bergin kaupunginosassa, l\u00e4hell\u00e4 <em>Eberswalder Stra\u00dfen<\/em> metroasemaa, sijaitsevassa vanhassa uimahallissa. Uimahallin rakennus on valmistunut vuonna 1902 t\u00e4m\u00e4n alunperin ty\u00f6l\u00e4iskaupunginosan virkistystilaksi ja sill\u00e4 on siis ik\u00e4\u00e4 yli sata vuotta. Rakennuksen saksalaista renesanssia edustava arkkitehtuuri onkin todella upeaa.<\/p>\n<p><!--more--><\/p>\n<p style=\"text-align: center;\"><a href=\"\/blog\/wp-content\/uploads\/2009\/niina_pikkujouluissa.jpg\" target=\"_blank\" rel=\"noopener\"><img decoding=\"async\" style=\"border: 0px none; margin: 5px;\" src=\"\/blog\/wp-content\/uploads\/2009\/thumbs\/thumbs_niina_pikkujouluissa.jpg\" alt=\"\" \/><\/a><a href=\"\/blog\/wp-content\/uploads\/2009\/pikkujoulujen_baaritiski.jpg\" target=\"_blank\" rel=\"noopener\"><img decoding=\"async\" style=\"border: 0px none; margin: 5px;\" src=\"\/blog\/wp-content\/uploads\/2009\/thumbs\/thumbs_pikkujoulujen_baaritiski.jpg\" alt=\"\" \/><\/a><\/p>\n<p style=\"text-align: center;\"><em>Niina v\u00e4kijoukossa sek\u00e4 juhlien punainen baaritiski<\/em><\/p>\n<p style=\"text-align: justify;\">Rakennus s\u00e4\u00e4styi sodan tuhoilta sangen hyvin ja toimi kylpyl\u00e4n\u00e4 aina vuoden 1986 loppuun saakka. Tuolloin vuotta aiemmin rakennetun betonisen savupiipun todettiin aiheuttaneen niin pahoja halkeamia kattorakenteisiin, ett\u00e4 rakennus suljettiin k\u00e4yt\u00f6st\u00e4. Ja kiinni se pysyikin pitk\u00e4\u00e4n, sill\u00e4 <a title=\"20 vuotta Berliinin muurin murtumisesta\" href=\"https:\/\/www.vuosiamaailmalla.fi\/?p=3383\">muurin murtumisen<\/a> j\u00e4lkeen suunnitellulle saneerausprojektille ei oikein koskaan saatu rahoja. Yh\u00e4 edelleenkin rakennus on sis\u00e4lt\u00e4 nuhjuinen, vaikka sen nykyisin omistava s\u00e4\u00e4ti\u00f6 sit\u00e4 hiljalleen kunnostaakin. Rakennusta vuokrataan erilaisiin tilaisuuksiin sek\u00e4 juhliin ja niimp\u00e4 uima-allas on jo rakennettu jo aikoja sitten umpeen. Silti rakennus on sis\u00e4lt\u00e4 hulppea n\u00e4ky ja toimi mielenkiintoisena pikkujoulujen pitopaikkana.<\/p>\n<p style=\"text-align: center;\"><a href=\"\/blog\/wp-content\/uploads\/2009\/uimahallin_holvauksia.jpg\" target=\"_blank\" rel=\"noopener\"><img decoding=\"async\" style=\"border: 0px none; margin: 5px;\" src=\"\/blog\/wp-content\/uploads\/2009\/thumbs\/thumbs_uimahallin_holvauksia.jpg\" alt=\"\" \/><\/a><a href=\"\/blog\/wp-content\/uploads\/2009\/uimahallin_katto1.jpg\" target=\"_blank\" rel=\"noopener\"><img decoding=\"async\" style=\"border: 0px none; margin: 5px;\" src=\"\/blog\/wp-content\/uploads\/2009\/thumbs\/thumbs_uimahallin_katto1.jpg\" alt=\"\" \/><\/a><a href=\"\/blog\/wp-content\/uploads\/2009\/pikkujoulut_uimahallilla.jpg\" target=\"_blank\" rel=\"noopener\"><img decoding=\"async\" style=\"border: 0px none; margin: 5px;\" src=\"\/blog\/wp-content\/uploads\/2009\/thumbs\/thumbs_pikkujoulut_uimahallilla.jpg\" alt=\"\" \/><\/a><\/p>\n<p style=\"text-align: center;\"><em>Upeasti valaistu yli satavuotias uimahalli<\/em><\/p>\n<p style=\"text-align: center;\"><a href=\"\/blog\/wp-content\/uploads\/2009\/uimahallin_katto2.jpg\" target=\"_blank\" rel=\"noopener\"><img decoding=\"async\" style=\"border: 0px none; margin: 5px;\" src=\"\/blog\/wp-content\/uploads\/2009\/thumbs\/thumbs_uimahallin_katto2.jpg\" alt=\"\" \/><\/a><\/p>\n<p style=\"text-align: center;\"><iframe loading=\"lazy\" src=\"https:\/\/www.youtube-nocookie.com\/embed\/qqh8JODw46A\" width=\"560\" height=\"315\" frameborder=\"0\"><\/iframe><\/p>\n","protected":false},"excerpt":{"rendered":"<p>Joulun odotukseen kuuluvat tietenkin pikkujoulut, jotka firmamme on j\u00e4rjest\u00e4nytkin joka vuosi joulukuun loppupuolella. Kiintoisinta firman pikkujouluissa ovat erikoiset paikat, joissa niit\u00e4 on yleens\u00e4 j\u00e4rjestetty. Ja Berliiniss\u00e4h\u00e4n t\u00e4llaisia paikkoja riitt\u00e4\u00e4! T\u00e4m\u00e4nvuotiset pikkujoulut j\u00e4rjestettiin eilen Prenzlauer Bergin kaupunginosassa, l\u00e4hell\u00e4 Eberswalder Stra\u00dfen metroasemaa, sijaitsevassa vanhassa uimahallissa. Uimahallin rakennus on valmistunut vuonna 1902 t\u00e4m\u00e4n alunperin ty\u00f6l\u00e4iskaupunginosan virkistystilaksi ja sill\u00e4 &hellip; <a href=\"https:\/\/www.vuosiamaailmalla.fi\/blog\/2009\/pikkujoulut-entisella-uimahallilla\/\" class=\"more-link\">Jatka lukemista<span class=\"screen-reader-text\"> &#8221;Pikkujoulut entisell\u00e4 uimahallilla&#8221;<\/span><\/a><\/p>\n","protected":false},"author":1,"featured_media":11973,"comment_status":"open","ping_status":"open","sticky":false,"template":"","format":"standard","meta":{"_jetpack_memberships_contains_paid_content":false,"footnotes":""},"categories":[18,3,14],"tags":[25,34,229,49,60,139,264,317,190,207],"class_list":["post-984","post","type-post","status-publish","format-standard","has-post-thumbnail","hentry","category-arki-saksassa","category-arki-ulkomailla","category-tyoskentely-saksassa","tag-ajankohtaista","tag-arki","tag-arkkitehtuuri","tag-berliini","tag-berlin-prenzlauer-berg","tag-historiaa-2","tag-joulu","tag-pikkujoulut","tag-saksa","tag-tyo"],"jetpack_featured_media_url":"https:\/\/www.vuosiamaailmalla.fi\/blog\/wp-content\/uploads\/pikkujoulut_uimahallilla_banner-1.jpg","jetpack_sharing_enabled":true,"_links":{"self":[{"href":"https:\/\/www.vuosiamaailmalla.fi\/blog\/wp-json\/wp\/v2\/posts\/984","targetHints":{"allow":["GET"]}}],"collection":[{"href":"https:\/\/www.vuosiamaailmalla.fi\/blog\/wp-json\/wp\/v2\/posts"}],"about":[{"href":"https:\/\/www.vuosiamaailmalla.fi\/blog\/wp-json\/wp\/v2\/types\/post"}],"author":[{"embeddable":true,"href":"https:\/\/www.vuosiamaailmalla.fi\/blog\/wp-json\/wp\/v2\/users\/1"}],"replies":[{"embeddable":true,"href":"https:\/\/www.vuosiamaailmalla.fi\/blog\/wp-json\/wp\/v2\/comments?post=984"}],"version-history":[{"count":1,"href":"https:\/\/www.vuosiamaailmalla.fi\/blog\/wp-json\/wp\/v2\/posts\/984\/revisions"}],"predecessor-version":[{"id":11974,"href":"https:\/\/www.vuosiamaailmalla.fi\/blog\/wp-json\/wp\/v2\/posts\/984\/revisions\/11974"}],"wp:featuredmedia":[{"embeddable":true,"href":"https:\/\/www.vuosiamaailmalla.fi\/blog\/wp-json\/wp\/v2\/media\/11973"}],"wp:attachment":[{"href":"https:\/\/www.vuosiamaailmalla.fi\/blog\/wp-json\/wp\/v2\/media?parent=984"}],"wp:term":[{"taxonomy":"category","embeddable":true,"href":"https:\/\/www.vuosiamaailmalla.fi\/blog\/wp-json\/wp\/v2\/categories?post=984"},{"taxonomy":"post_tag","embeddable":true,"href":"https:\/\/www.vuosiamaailmalla.fi\/blog\/wp-json\/wp\/v2\/tags?post=984"}],"curies":[{"name":"wp","href":"https:\/\/api.w.org\/{rel}","templated":true}]}}