{"id":9912,"date":"2018-12-24T09:41:26","date_gmt":"2018-12-24T17:41:26","guid":{"rendered":"http:\/\/13.53.127.146\/?p=9912"},"modified":"2021-12-29T16:36:49","modified_gmt":"2021-12-30T00:36:49","slug":"ensimmainen-joulu-kanadassa","status":"publish","type":"post","link":"https:\/\/www.vuosiamaailmalla.fi\/blog\/2018\/ensimmainen-joulu-kanadassa\/","title":{"rendered":"Ensimm\u00e4inen joulu Kanadassa"},"content":{"rendered":"<p style=\"text-align: justify;\">P\u00e4\u00e4timme t\u00e4n\u00e4 vuonna j\u00e4\u00e4d\u00e4 ensimm\u00e4ist\u00e4 kertaa jouluksi kotiin ja varustaa perinteinen suomalainen joulu t\u00e4nne Kanadaan. K\u00e4vimme Suomessa <a title=\"Kes\u00e4matkailua Suomessa\" href=\"https:\/\/www.vuosiamaailmalla.fi\/?p=9803\">vastik\u00e4\u00e4n kes\u00e4ll\u00e4<\/a> ja tarkoituksenamme on k\u00e4\u00e4nt\u00e4\u00e4 vuosittainen Suomen vierailu j\u00e4lleen <a title=\"Joululoma nostalgisissa merkeiss\u00e4\" href=\"https:\/\/www.vuosiamaailmalla.fi\/?p=10512\">ensi vuonna<\/a> jouluun, joten t\u00e4n\u00e4 vuonna tarjoutui hyv\u00e4 tilaisuus viett\u00e4\u00e4 ensimm\u00e4ist\u00e4 <a title=\"Joulu pandemian keskell\u00e4\" href=\"https:\/\/www.vuosiamaailmalla.fi\/blog\/2020\/joulu-pandemian-keskella\/\">jouluamme t\u00e4\u00e4ll\u00e4 Kanadassa<\/a> omassa uudessa Burnabyn kodissamme.<\/p>\n<p><!--more--><\/p>\n<p style=\"text-align: justify;\">Olemme viett\u00e4neet jouluja ulkomailla aiemminkin, min\u00e4 jopa kahdesti aiemmin. Viime vuonna vietimme joulua tropiikissa <a title=\"Trooppinen jouluaatto Guamissa\" href=\"http:\/\/www.vuosiamaailmalla.fi\/blog\/2018\/trooppinen-jouluaatto-guamissa\/\">Guamin saarella<\/a> l\u00e4ntisell\u00e4 tyynell\u00e4merell\u00e4 ja vuonna 2013 jouluaatto koitti minulla ja veljell\u00e4ni hyyt\u00e4v\u00e4n kylm\u00e4ss\u00e4\u00a0<a title=\"Jouluaatto Chicagossa\" href=\"https:\/\/www.vuosiamaailmalla.fi\/?p=7487\">Chicagossa<\/a>. Kyseess\u00e4 on siis tosiaan ensimm\u00e4inen joulumme Kanadassa ja kuukausi sitten uuteen kotiin muutettuamme meill\u00e4 on nyt my\u00f6s mahdollisuus nauttia siit\u00e4 t\u00e4ysipainoisesti.<\/p>\n<p style=\"text-align: center;\"><a href=\"\/blog\/wp-content\/uploads\/2018\/joulu_burnabyssa4.jpg\"><img decoding=\"async\" src=\"\/blog\/wp-content\/uploads\/2018\/thumbs\/thumbs_joulu_burnabyssa4.jpg\" \/><\/a><a href=\"\/blog\/wp-content\/uploads\/2018\/joulu_burnabyssa3.jpg\"><img decoding=\"async\" src=\"\/blog\/wp-content\/uploads\/2018\/thumbs\/thumbs_joulu_burnabyssa3.jpg\" \/><\/a><a href=\"\/blog\/wp-content\/uploads\/2018\/joulu_burnabyssa2.jpg\"><img decoding=\"async\" src=\"\/blog\/wp-content\/uploads\/2018\/thumbs\/thumbs_joulu_burnabyssa2.jpg\" \/><\/a><\/p>\n<p style=\"text-align: center;\"><em>Joulun koristeluita<\/em><\/p>\n<p style=\"text-align: justify;\">Joulua onkin laitettu <a title=\"Joulun laittoa Burnabyss\u00e4\" href=\"https:\/\/www.vuosiamaailmalla.fi\/?p=8652\">perinteiseen tyyliin<\/a> jo hyviss\u00e4 ajoin ja metropolialueen korkeimmalla roikkuviin kuuluvat jouluvalomme ovat valaisseet parvekettamme jo viikkojen ajan. My\u00f6s muovinen joulukuusemme koristeltiin jo alkukuusta, jotta ehtisimme nauttia sen kauneudesta koko kuukauden ajan. Jouluvalmistelujen aikaisessa aloittamisessa ei ole itse asiassa kanadalaisittain edes mit\u00e4\u00e4n outoa ja monet ihmiset laittavat joulukuusen jo alkukuusta.<\/p>\n<p style=\"text-align: center;\"><a href=\"\/blog\/wp-content\/uploads\/2018\/joulu_burnabyssa5.jpg\"><img decoding=\"async\" src=\"\/blog\/wp-content\/uploads\/2018\/thumbs\/thumbs_joulu_burnabyssa5.jpg\" \/><\/a><a href=\"\/blog\/wp-content\/uploads\/2018\/joulu_burnabyssa1.jpg\"><img decoding=\"async\" src=\"\/blog\/wp-content\/uploads\/2018\/thumbs\/thumbs_joulu_burnabyssa1.jpg\" \/><\/a><\/p>\n<p style=\"text-align: center;\"><em>Joulukuusi koristellaan jo alkukuusta<\/em><\/p>\n<p style=\"text-align: justify;\">Ruoka on t\u00e4rke\u00e4 osa joulua ja niinp\u00e4 Niina onkin valmistautunut jouluun jo usean viikonlopun ajan, leipoen karjalanpiirakoita sek\u00e4 valmistaen itse joululaatikot. Tuttuun tapaan leivoimme my\u00f6s yhdess\u00e4 joulupipareita &#8211; per\u00e4ti kahteen otteeseen &#8211; sill\u00e4 joku tonttu k\u00e4vi piparivarkaissa \u00f6iden pimennossa. Joulup\u00f6yd\u00e4n kunkku on tietenkin joulukinkku, jonka noudimme lauantaina Granville Islandilla sijaitsevalta lihamestarilta. Ja mit\u00e4p\u00e4 olisikaan kinkku ilman sinappia ja hyv\u00e4n vihjeen avulla l\u00f6ysimme ihan ehtaa punakorkkista <em>Turun Sinappia<\/em> pienest\u00e4 erikoisruokakaupasta!<\/p>\n<p style=\"text-align: center;\"><a href=\"\/blog\/wp-content\/uploads\/2018\/joulu_burnabyssa8.jpg\"><img decoding=\"async\" src=\"\/blog\/wp-content\/uploads\/2018\/thumbs\/thumbs_joulu_burnabyssa8.jpg\" \/><\/a><a href=\"\/blog\/wp-content\/uploads\/2018\/joulu_burnabyssa6.jpg\"><img decoding=\"async\" src=\"\/blog\/wp-content\/uploads\/2018\/thumbs\/thumbs_joulu_burnabyssa6.jpg\" \/><\/a><\/p>\n<p style=\"text-align: center;\"><em>Kinkku on ulkomaillakin kunkku<\/em><\/p>\n<p style=\"text-align: justify;\">Jouluaattomme tulee seuraamaan <a title=\"Joulu pandemian keskell\u00e4\" href=\"http:\/\/www.vuosiamaailmalla.fi\/blog\/2020\/joulu-pandemian-keskella\/\">suomalaista joulurutiinia<\/a> eli aamup\u00e4iv\u00e4ll\u00e4 katselemme <a title=\"Silmi\u00e4 hivelev\u00e4 OLED\" href=\"https:\/\/www.vuosiamaailmalla.fi\/?p=9879\">suurelta ruudulta<\/a>\u00a0j\u00e4lkil\u00e4hetyksen\u00e4 joulurauhan julistuksen Suomen Turusta, mink\u00e4 j\u00e4lkeen herkutellaan kinkkua ja karjalanpaistia. Joulusauna on my\u00f6s ohjelmassa aattoiltana ja tietenkin lahjojen avaaminen, joita onkin kertynyt kuusen alle jo runsaasti. Joku on ollut t\u00e4n\u00e4 vuonna eritt\u00e4in kiltti&#8230;<\/p>\n<p style=\"text-align: center;\"><a href=\"\/blog\/wp-content\/uploads\/2018\/joulu_burnabyssa7.jpg\"><img decoding=\"async\" src=\"\/blog\/wp-content\/uploads\/2018\/joulu_burnabyssa7.jpg\" \/><\/a><\/p>\n<p style=\"text-align: center;\"><em>Hyv\u00e4\u00e4 joulua!<\/em><\/p>\n<p style=\"text-align: justify;\">Viet\u00e4mme ensimm\u00e4ist\u00e4 kanadalaista jouluamme kotosalla <a title=\"Ensimm\u00e4inen perhejoulu\" href=\"https:\/\/www.vuosiamaailmalla.fi\/blog\/2021\/ensimmainen-perhejoulu\/\">kahden kesken<\/a> aina tapaninp\u00e4iv\u00e4\u00e4n saakka, jolloin lenn\u00e4mme mantereen halki New Yorkiin. Siell\u00e4 vier\u00e4ht\u00e4v\u00e4t vuoden viimeiset p\u00e4iv\u00e4t ja viikon p\u00e4\u00e4st\u00e4 juhlimme miljoonan muun kanssa <a title=\"Uusivuosi Times Squarella\" href=\"https:\/\/www.vuosiamaailmalla.fi\/?p=9921\">vuoden vaihtumista Times Squarella<\/a> ennen paluuta arkeen. N\u00e4ist\u00e4 kaikesta enemm\u00e4n aikanaan ja toivotankin hyv\u00e4\u00e4 ja rauhallista joulua kaikille lukijoilleni!<\/p>\n","protected":false},"excerpt":{"rendered":"<p>P\u00e4\u00e4timme t\u00e4n\u00e4 vuonna j\u00e4\u00e4d\u00e4 ensimm\u00e4ist\u00e4 kertaa jouluksi kotiin ja varustaa perinteinen suomalainen joulu t\u00e4nne Kanadaan. K\u00e4vimme Suomessa vastik\u00e4\u00e4n kes\u00e4ll\u00e4 ja tarkoituksenamme on k\u00e4\u00e4nt\u00e4\u00e4 vuosittainen Suomen vierailu j\u00e4lleen ensi vuonna jouluun, joten t\u00e4n\u00e4 vuonna tarjoutui hyv\u00e4 tilaisuus viett\u00e4\u00e4 ensimm\u00e4ist\u00e4 jouluamme t\u00e4\u00e4ll\u00e4 Kanadassa omassa uudessa Burnabyn kodissamme.<\/p>\n","protected":false},"author":1,"featured_media":9916,"comment_status":"open","ping_status":"open","sticky":false,"template":"","format":"standard","meta":{"_jetpack_memberships_contains_paid_content":false,"footnotes":""},"categories":[17,3],"tags":[25,34,264,935],"class_list":["post-9912","post","type-post","status-publish","format-standard","has-post-thumbnail","hentry","category-arki-kanadassa","category-arki-ulkomailla","tag-ajankohtaista","tag-arki","tag-joulu","tag-kanada"],"jetpack_featured_media_url":"https:\/\/www.vuosiamaailmalla.fi\/blog\/wp-content\/uploads\/joulu_burnabyssa_banner.jpg","jetpack_sharing_enabled":true,"_links":{"self":[{"href":"https:\/\/www.vuosiamaailmalla.fi\/blog\/wp-json\/wp\/v2\/posts\/9912","targetHints":{"allow":["GET"]}}],"collection":[{"href":"https:\/\/www.vuosiamaailmalla.fi\/blog\/wp-json\/wp\/v2\/posts"}],"about":[{"href":"https:\/\/www.vuosiamaailmalla.fi\/blog\/wp-json\/wp\/v2\/types\/post"}],"author":[{"embeddable":true,"href":"https:\/\/www.vuosiamaailmalla.fi\/blog\/wp-json\/wp\/v2\/users\/1"}],"replies":[{"embeddable":true,"href":"https:\/\/www.vuosiamaailmalla.fi\/blog\/wp-json\/wp\/v2\/comments?post=9912"}],"version-history":[{"count":5,"href":"https:\/\/www.vuosiamaailmalla.fi\/blog\/wp-json\/wp\/v2\/posts\/9912\/revisions"}],"predecessor-version":[{"id":12570,"href":"https:\/\/www.vuosiamaailmalla.fi\/blog\/wp-json\/wp\/v2\/posts\/9912\/revisions\/12570"}],"wp:featuredmedia":[{"embeddable":true,"href":"https:\/\/www.vuosiamaailmalla.fi\/blog\/wp-json\/wp\/v2\/media\/9916"}],"wp:attachment":[{"href":"https:\/\/www.vuosiamaailmalla.fi\/blog\/wp-json\/wp\/v2\/media?parent=9912"}],"wp:term":[{"taxonomy":"category","embeddable":true,"href":"https:\/\/www.vuosiamaailmalla.fi\/blog\/wp-json\/wp\/v2\/categories?post=9912"},{"taxonomy":"post_tag","embeddable":true,"href":"https:\/\/www.vuosiamaailmalla.fi\/blog\/wp-json\/wp\/v2\/tags?post=9912"}],"curies":[{"name":"wp","href":"https:\/\/api.w.org\/{rel}","templated":true}]}}