{"id":9914,"date":"2018-12-29T11:12:09","date_gmt":"2018-12-29T19:12:09","guid":{"rendered":"http:\/\/13.53.127.146\/?p=9914"},"modified":"2019-11-30T12:15:38","modified_gmt":"2019-11-30T20:15:38","slug":"vivaldin-nelja-vuodenaikaa","status":"publish","type":"post","link":"https:\/\/www.vuosiamaailmalla.fi\/blog\/2018\/vivaldin-nelja-vuodenaikaa\/","title":{"rendered":"Vivaldin nelj\u00e4 vuodenaikaa"},"content":{"rendered":"<p style=\"text-align: justify;\">Marraskuussa n\u00e4kem\u00e4mme kaunis joulubaletti <a title=\"P\u00e4hkin\u00e4ns\u00e4rkij\u00e4n py\u00f6rteiss\u00e4\" href=\"https:\/\/www.vuosiamaailmalla.fi\/?p=9866\"><em>P\u00e4hkin\u00e4ns\u00e4rkij\u00e4<\/em><\/a> sai meid\u00e4t pitk\u00e4st\u00e4 aikaa kiinnostumaan korkeakulttuurista, jonka tapahtumissa ei ole tullut juuri k\u00e4yty\u00e4 sitten <a title=\"Seuraava kotimme: Vancouver, Kanada!\" href=\"https:\/\/www.vuosiamaailmalla.fi\/?p=3111\">Vancouveriin muutettuamme<\/a>. Ehk\u00e4 se on kaikki t\u00e4m\u00e4 ymp\u00e4r\u00f6iv\u00e4 luonto, joka vie kaiken vapaa-ajan joko vaeltamassa tai vuorilla lasketellessa, mutta syksyn pimeyden keskell\u00e4 koimme j\u00e4lleen her\u00e4tyksen l\u00e4hte\u00e4 konserttisaleihin kuulemaan klassista musiikkia.<\/p>\n<p><!--more--><\/p>\n<p style=\"text-align: justify;\">Teimmekin heti tuolloin <a title=\"Sibeliuksen tuntemattomat s\u00e4velet\" href=\"https:\/\/www.vuosiamaailmalla.fi\/?p=10327\">muutaman varauksen<\/a> tulevaisuuteen, joista ensimm\u00e4inen oli nyt joulun alla j\u00e4rjestetty Vancouverin sinfoniaorkesterin konsertti, jossa soitettiin\u00a0 italialaisen Antonio Vivaldin s\u00e4velt\u00e4m\u00e4 ja samalla my\u00f6s s\u00e4velt\u00e4j\u00e4n tunnetuin viulukonserttosarja\u00a0<em>Nelj\u00e4 vuodenaikaa<\/em>. Noin kolmen vartin mittaisen konserton aikana kuullaan ajattomia ja laajallekin yleis\u00f6lle tuttuja barokkimusiikin s\u00e4velmi\u00e4, erityisesti &#8221;kev\u00e4\u00e4n&#8221; ja &#8221;syksyn&#8221; osioiden aikana.<\/p>\n<p style=\"text-align: center;\"><iframe loading=\"lazy\" src=\"https:\/\/www.youtube-nocookie.com\/embed\/GRxofEmo3HA\" width=\"560\" height=\"315\" frameborder=\"0\" allowfullscreen=\"allowfullscreen\"><\/iframe><\/p>\n<p style=\"text-align: justify;\">Teos on kaunis ja ikoninen osa klassista musiikkia. Saavuimme kuulemaan esityst\u00e4 UBC:n yliopiston vuonna 1997 valmistuneelle <em>Chan Centre for the Performing Arts<\/em>\u00a0-konserttisalille, jossa sinfoniaorkesterin viulistit esiintyiv\u00e4t johtajanaan vain 29-vuotias amerikkalainen Benjamin Beilman. Beilman on saanut suurta suitsutusta voitettuaan vuonna 2010 Montrealissa j\u00e4rjestetyn nuorten artistien kilpailun ja t\u00e4m\u00e4n soittotaito on ansainnut h\u00e4nelle lainaan vuonna 1709 valmistuneen Stradivariuksen, jonka upeaa ja ainutlaatuista \u00e4\u00e4nt\u00e4 saimme kuunnella illan aikana.<\/p>\n<p style=\"text-align: center;\"><a href=\"\/blog\/wp-content\/uploads\/2018\/vivaldia_kuulemassa2.jpg\"><img decoding=\"async\" src=\"\/blog\/wp-content\/uploads\/2018\/vivaldia_kuulemassa2.jpg\" \/><\/a><\/p>\n<p style=\"text-align: center;\"><em>Benjamin Beilman on lahjakas nuori viulisti<\/em><\/p>\n<p style=\"text-align: justify;\">Beilmanin soitto ja esiintyminen ovat eritt\u00e4in el\u00e4v\u00e4ist\u00e4, mutta toimi hyvin yhteen ymp\u00e4r\u00f6iv\u00e4n orkesterin sek\u00e4 esiintymistilan kanssa. 1200-henkinen loppuunmyyty yleis\u00f6 kuunteli upeaa esityst\u00e4 haltioituneena aina viimeiseen sointuun saakka, ennen r\u00e4j\u00e4ht\u00e4mist\u00e4 raikuviin aplodeihin.<\/p>\n<p style=\"text-align: center;\"><a href=\"\/blog\/wp-content\/uploads\/2018\/vivaldia_kuulemassa3.jpg\"><img decoding=\"async\" src=\"\/blog\/wp-content\/uploads\/2018\/thumbs\/thumbs_vivaldia_kuulemassa3.jpg\" \/><\/a><a href=\"\/blog\/wp-content\/uploads\/2018\/vivaldia_kuulemassa1.jpg\"><img decoding=\"async\" src=\"\/blog\/wp-content\/uploads\/2018\/thumbs\/thumbs_vivaldia_kuulemassa1.jpg\" \/><\/a><\/p>\n<p style=\"text-align: center;\"><em>Loistavat paikat permannolla<\/em><\/p>\n<p style=\"text-align: justify;\">Seuraava klassisen musiikin konserttimme tulee olemaan huhtikuulla tulla kuulemaan Vancouverin Sinfoniaorkesterin sovitusta Beethovenin yhdeks\u00e4nnest\u00e4 sinfoniasta. Siin\u00e4 onkin hyv\u00e4 annos kulttuuria kev\u00e4\u00e4seen.<\/p>\n","protected":false},"excerpt":{"rendered":"<p>Marraskuussa n\u00e4kem\u00e4mme kaunis joulubaletti P\u00e4hkin\u00e4ns\u00e4rkij\u00e4 sai meid\u00e4t pitk\u00e4st\u00e4 aikaa kiinnostumaan korkeakulttuurista, jonka tapahtumissa ei ole tullut juuri k\u00e4yty\u00e4 sitten Vancouveriin muutettuamme. Ehk\u00e4 se on kaikki t\u00e4m\u00e4 ymp\u00e4r\u00f6iv\u00e4 luonto, joka vie kaiken vapaa-ajan joko vaeltamassa tai vuorilla lasketellessa, mutta syksyn pimeyden keskell\u00e4 koimme j\u00e4lleen her\u00e4tyksen l\u00e4hte\u00e4 konserttisaleihin kuulemaan klassista musiikkia.<\/p>\n","protected":false},"author":1,"featured_media":9920,"comment_status":"open","ping_status":"open","sticky":false,"template":"","format":"standard","meta":{"_jetpack_memberships_contains_paid_content":false,"footnotes":""},"categories":[17,3],"tags":[1383,1380,935,1381,739,939,1458],"class_list":["post-9914","post","type-post","status-publish","format-standard","has-post-thumbnail","hentry","category-arki-kanadassa","category-arki-ulkomailla","tag-antonio-vivaldi","tag-chan-centre-for-the-performing-arts","tag-kanada","tag-klassinen-musiikki","tag-university-of-british-columbia","tag-vancouver","tag-vancouverin-sinfoniaorkesteri"],"jetpack_featured_media_url":"https:\/\/www.vuosiamaailmalla.fi\/blog\/wp-content\/uploads\/vivaldia_kuulemassa_banner.jpg","jetpack_sharing_enabled":true,"_links":{"self":[{"href":"https:\/\/www.vuosiamaailmalla.fi\/blog\/wp-json\/wp\/v2\/posts\/9914","targetHints":{"allow":["GET"]}}],"collection":[{"href":"https:\/\/www.vuosiamaailmalla.fi\/blog\/wp-json\/wp\/v2\/posts"}],"about":[{"href":"https:\/\/www.vuosiamaailmalla.fi\/blog\/wp-json\/wp\/v2\/types\/post"}],"author":[{"embeddable":true,"href":"https:\/\/www.vuosiamaailmalla.fi\/blog\/wp-json\/wp\/v2\/users\/1"}],"replies":[{"embeddable":true,"href":"https:\/\/www.vuosiamaailmalla.fi\/blog\/wp-json\/wp\/v2\/comments?post=9914"}],"version-history":[{"count":0,"href":"https:\/\/www.vuosiamaailmalla.fi\/blog\/wp-json\/wp\/v2\/posts\/9914\/revisions"}],"wp:featuredmedia":[{"embeddable":true,"href":"https:\/\/www.vuosiamaailmalla.fi\/blog\/wp-json\/wp\/v2\/media\/9920"}],"wp:attachment":[{"href":"https:\/\/www.vuosiamaailmalla.fi\/blog\/wp-json\/wp\/v2\/media?parent=9914"}],"wp:term":[{"taxonomy":"category","embeddable":true,"href":"https:\/\/www.vuosiamaailmalla.fi\/blog\/wp-json\/wp\/v2\/categories?post=9914"},{"taxonomy":"post_tag","embeddable":true,"href":"https:\/\/www.vuosiamaailmalla.fi\/blog\/wp-json\/wp\/v2\/tags?post=9914"}],"curies":[{"name":"wp","href":"https:\/\/api.w.org\/{rel}","templated":true}]}}