{"id":9935,"date":"2019-01-21T17:30:34","date_gmt":"2019-01-22T01:30:34","guid":{"rendered":"http:\/\/13.53.127.146\/?p=9935"},"modified":"2022-01-22T12:43:13","modified_gmt":"2022-01-22T20:43:13","slug":"seitseman-vuotta-kanadassa","status":"publish","type":"post","link":"https:\/\/www.vuosiamaailmalla.fi\/blog\/2019\/seitseman-vuotta-kanadassa\/","title":{"rendered":"Seitsem\u00e4n vuotta Kanadassa"},"content":{"rendered":"<p style=\"text-align: justify;\">Vuoden vaihtuminen uuteen tarkoittaa, ett\u00e4 tammikuun lopulla tulee t\u00e4yteen j\u00e4lleen yksi vuosi Kanadassa. T\u00e4n\u00e4\u00e4n tuleekin kuluneeksi jo seitsem\u00e4n vuotta siit\u00e4, kun min\u00e4 saavuin yksin\u00e4isen\u00e4 ankkuriaviomiehen\u00e4 Vancouveriin <a title=\"Maahanmuutto bisnesluokassa\" href=\"https:\/\/www.vuosiamaailmalla.fi\/blog\/2012\/maahanmuutto-bisnesluokassa\/\">aloittamaan el\u00e4m\u00e4\u00e4mme<\/a> t\u00e4\u00e4ll\u00e4 uudella mantereella. Aikaa onkin siis vier\u00e4ht\u00e4nyt ja vett\u00e4 virrannut runsaasti Fraser Riveriss\u00e4.<\/p>\n<p><!--more--><\/p>\n<p style=\"text-align: justify;\">Mennyt vuotemme oli t\u00e4ynn\u00e4 monenlaista tapahtumaa. Vuoden aloitti helmikuussa lumitilanteeltaan ei ihan t\u00e4ysin nappiin osunut <a title=\"V\u00e4h\u00e4luminen hiihtoloma Utahissa\" href=\"https:\/\/www.vuosiamaailmalla.fi\/blog\/2018\/vahaluminen-hiihtoloma-utahissa\/\">laskettelumatkamme Utahiin<\/a>. Onneksi laskettelukausi t\u00e4\u00e4ll\u00e4 kotopuolessa oli <a title=\"P\u00e4\u00e4si\u00e4inen Sun Peaksilla\" href=\"https:\/\/www.vuosiamaailmalla.fi\/blog\/2018\/paasiainen-sun-peaksilla\/\">erinomainen<\/a>, mist\u00e4 oli hyv\u00e4 jatkaa kev\u00e4\u00e4n saavuttua telttailun pariin. Olimme varanneet kes\u00e4lle yhteens\u00e4 kolme leiripaikkaa ja viikonloppumme <a title=\"Aktiivinen leirint\u00e4viikonloppu Pembertonissa\" href=\"https:\/\/www.vuosiamaailmalla.fi\/blog\/2018\/aktiivinen-leirintaviikonloppu-pembertonissa\/\">Pembertonissa<\/a> sek\u00e4 <a title=\"Viikonloppu Galiano Islandilla\" href=\"https:\/\/www.vuosiamaailmalla.fi\/blog\/2018\/viikonloppu-galiano-islandilla\/\">Galiano Islandilla<\/a> olivat molemmat todella rentouttavia. Valitettavasti kolmas viikonloppu elokuussa piti peruuttaa, sill\u00e4 loppukes\u00e4n <a title=\"Mets\u00e4palokauden huipentuma\" href=\"https:\/\/www.vuosiamaailmalla.fi\/blog\/2018\/metsapalokauden-huipentuma\/\">sankka mets\u00e4palosavu<\/a> teki ulkoilusta tukalaa.<\/p>\n<p style=\"text-align: center;\"><a href=\"\/blog\/wp-content\/uploads\/2018\/deer_valleyn_huipulla2.jpg\"><img decoding=\"async\" src=\"\/blog\/wp-content\/uploads\/2018\/thumbs\/thumbs_deer_valleyn_huipulla2.jpg\" \/><\/a><a href=\"\/blog\/wp-content\/uploads\/2018\/sun_peaksin_huipulla4.jpg\"><img decoding=\"async\" src=\"\/blog\/wp-content\/uploads\/2018\/thumbs\/thumbs_sun_peaksin_huipulla4.jpg\" \/><\/a><\/p>\n<p style=\"text-align: center;\"><em>Utahissa ei ollut lunta toisin kuin Sun Peaksilla<\/em><\/p>\n<p style=\"text-align: center;\"><a href=\"\/blog\/wp-content\/uploads\/2018\/telttailua_nairn_fallsilla3.jpg\"><img decoding=\"async\" src=\"\/blog\/wp-content\/uploads\/2018\/thumbs\/thumbs_telttailua_nairn_fallsilla3.jpg\" \/><\/a><a href=\"\/blog\/wp-content\/uploads\/2018\/telttailua_nairn_fallsilla1.jpg\"><img decoding=\"async\" src=\"\/blog\/wp-content\/uploads\/2018\/thumbs\/thumbs_telttailua_nairn_fallsilla1.jpg\" \/><\/a><a href=\"\/blog\/wp-content\/uploads\/2018\/metsapalosavua_2018_4.jpg\"><img decoding=\"async\" src=\"\/blog\/wp-content\/uploads\/2018\/thumbs\/thumbs_metsapalosavua_2018_4.jpg\" \/><\/a><\/p>\n<p style=\"text-align: center;\"><em>Telttailukausi p\u00e4\u00e4ttyi savuisasti<\/em><\/p>\n<p style=\"text-align: justify;\">Menneen vuoden suurin lomamatkamme olivat kaksi <a title=\"Kes\u00e4matkailua Suomessa\" href=\"https:\/\/www.vuosiamaailmalla.fi\/blog\/2018\/kesamatkailua-suomessa\/\">Suomessa vietetty\u00e4 viikkoa<\/a>, mik\u00e4 oli ensimm\u00e4inen kertani Suomessa <a title=\"Halki Ruotsin sek\u00e4 kes\u00e4loma roadsterilla\" href=\"https:\/\/www.vuosiamaailmalla.fi\/blog\/2011\/halki-ruotsin-seka-kesaloma-roadsterilla\/\">seitsem\u00e4\u00e4n vuoteen<\/a> eli k\u00e4yt\u00e4nn\u00f6ss\u00e4 sitten Kanadaan muutettuamme! Matka olikin oikein mukava ja Suomen helteinen kes\u00e4 j\u00e4tti meille matkasta l\u00e4mpim\u00e4t muistot sek\u00e4 kauniin kes\u00e4iset valokuvat.<\/p>\n<p style=\"text-align: center;\"><a href=\"\/blog\/wp-content\/uploads\/2018\/kesamokilla7.jpg\"><img decoding=\"async\" src=\"\/blog\/wp-content\/uploads\/2018\/thumbs\/thumbs_kesamokilla7.jpg\" \/><\/a><a href=\"\/blog\/wp-content\/uploads\/2018\/matkalla_joensuuhun6.jpg\"><img decoding=\"async\" src=\"\/blog\/wp-content\/uploads\/2018\/thumbs\/thumbs_matkalla_joensuuhun6.jpg\" \/><\/a><a href=\"\/blog\/wp-content\/uploads\/2018\/matkalla_joensuuhun4.jpg\"><img decoding=\"async\" src=\"\/blog\/wp-content\/uploads\/2018\/thumbs\/thumbs_matkalla_joensuuhun4.jpg\" \/><\/a><\/p>\n<p style=\"text-align: center;\"><em>Kes\u00e4loma Suomessa oli l\u00e4mmin ja rento<\/em><\/p>\n<p style=\"text-align: justify;\">Vuoden kurjimpiin asioihin kuului ehdottomasti muutto mahtavasta kattohuoneistostamme, mist\u00e4 muutimme viideksi kuukaudeksi <a title=\"Asukkaana Trump Towerissa\" href=\"https:\/\/www.vuosiamaailmalla.fi\/blog\/2018\/asukkaana-trump-towerissa\/\">v\u00e4liaikaiseen luksusasuntoon<\/a> Vancouverin keskustassa. Onneksi v\u00e4liaikaista eloa ei kest\u00e4nyt liian pitk\u00e4\u00e4n ja l\u00f6ysimme lopulta uuden todella upean asunnon Burnabyst\u00e4. Nyt parin kuukauden j\u00e4lkeen olemmekin jo asettautuneet uuteen kotiin, jossa on ollut hyv\u00e4 py\u00f6ritt\u00e4\u00e4 arkea.<\/p>\n<p style=\"text-align: center;\"><a href=\"\/blog\/wp-content\/uploads\/2018\/trump_tower3.jpg\"><img decoding=\"async\" src=\"\/blog\/wp-content\/uploads\/2018\/thumbs\/thumbs_trump_tower3.jpg\" \/><\/a><a href=\"\/blog\/wp-content\/uploads\/2018\/trump_tower_asunto4.jpg\"><img decoding=\"async\" src=\"\/blog\/wp-content\/uploads\/2018\/thumbs\/thumbs_trump_tower_asunto4.jpg\" \/><\/a><a href=\"\/blog\/wp-content\/uploads\/2018\/trump_tower_paivamaisema2.jpg\"><img decoding=\"async\" src=\"\/blog\/wp-content\/uploads\/2018\/thumbs\/thumbs_trump_tower_paivamaisema2.jpg\" \/><\/a><\/p>\n<p style=\"text-align: center;\"><em>Ehdimme olla hetken aikaa vancouverilaisia<\/em><\/p>\n<p style=\"text-align: justify;\">Uudessa kodissa oli my\u00f6s mukava viett\u00e4\u00e4 joulua, joka oli <a title=\"Ensimm\u00e4inen joulu Kanadassa\" href=\"https:\/\/www.vuosiamaailmalla.fi\/blog\/2018\/ensimmainen-joulu-kanadassa\/\">ensimm\u00e4inen joulumme Kanadassa<\/a>, joskin kolmas joulumme ulkomailla. Joululomaan mahtui my\u00f6s hieman alta viikon mittainen kaupunkimatka aina yht\u00e4 upeaan New Yorkiin, jossa <a title=\"Uusivuosi Times Squarella\" href=\"https:\/\/www.vuosiamaailmalla.fi\/blog\/2019\/uusivuosi-times-squarella\/\">juhlimme uuttavuotta<\/a> miljoonan muun kanssa maailmankuululla <em>Times Squarella<\/em>.<\/p>\n<p style=\"text-align: center;\"><a href=\"\/blog\/wp-content\/uploads\/2018\/joulu_burnabyssa2.jpg\"><img decoding=\"async\" src=\"\/blog\/wp-content\/uploads\/2018\/thumbs\/thumbs_joulu_burnabyssa2.jpg\" \/><\/a><a href=\"\/blog\/wp-content\/uploads\/2018\/joulu_burnabyssa6.jpg\"><img decoding=\"async\" src=\"\/blog\/wp-content\/uploads\/2018\/thumbs\/thumbs_joulu_burnabyssa6.jpg\" \/><\/a><\/p>\n<p style=\"text-align: center;\"><em>Ensimm\u00e4inen joulu Kanadassa tarjosi perinneherkkuja<\/em><\/p>\n<p style=\"text-align: center;\"><a href=\"\/blog\/wp-content\/uploads\/2019\/uusivuosi_times_squarella7.jpg\"><img decoding=\"async\" src=\"\/blog\/wp-content\/uploads\/2019\/uusivuosi_times_squarella7.jpg\" \/><\/a><\/p>\n<p style=\"text-align: center;\"><em>Vuosi vaihtui sateisesti<\/em><\/p>\n<p style=\"text-align: justify;\">Vuosi sis\u00e4lsi my\u00f6s muutoksia ty\u00f6rintamalla, joskin onneksi vain Niinan puolella. Edellissyksyn lupaavaa yrityskauppaa seurannut Vancouverin toimiston lakkautus loppukev\u00e4\u00e4st\u00e4 pakotti Niinan etsim\u00e4\u00e4n uusia t\u00f6it\u00e4, joita l\u00f6ytyi kuitenkin nopeasti. Itsell\u00e4ni mennyt ty\u00f6vuosi sis\u00e4lsi eritt\u00e4in kiintoisten projektien parissa ty\u00f6skentely\u00e4, joista er\u00e4s sai eritt\u00e4in kiinnostuneen vastaanoton esimerkiksi Suomessa.<\/p>\n<p style=\"text-align: justify;\">Ehk\u00e4 suurin asia vuoden 2018 aikana oli hakemuksemme Kanadan kansalaisuudesta. <a title=\"Hakemus Kanadan kansalaisuudesta\" href=\"https:\/\/www.vuosiamaailmalla.fi\/blog\/2018\/hakemus-kanadan-kansalaisuudesta\/\">L\u00e4hetimme hakemuksemme<\/a> kes\u00e4n korvilla ja loppusyksyst\u00e4 k\u00e4vimme l\u00e4p\u00e4isem\u00e4ss\u00e4 huippupistein sek\u00e4 kielikokeen ett\u00e4 <a title=\"Kanadan kansalaisuuskokeessa\" href=\"https:\/\/www.vuosiamaailmalla.fi\/blog\/2018\/kanadan-kansalaisuuskokeessa\/\">testin Kanadan kulttuurista<\/a>. N\u00e4in ollen meist\u00e4 tuleekin kanadalaisia seuraavan kuukauden aikana j\u00e4rjestett\u00e4v\u00e4n <a title=\"Uunituoreet Kanadan kansalaiset\" href=\"https:\/\/www.vuosiamaailmalla.fi\/blog\/2019\/uunituoreet-kanadan-kansalaiset\/\">valatilaisuuden j\u00e4lkeen<\/a>, mik\u00e4 on suuri askel el\u00e4m\u00e4ss\u00e4mme!<\/p>\n<p style=\"text-align: center;\"><a href=\"\/blog\/wp-content\/uploads\/2018\/kansalaisuuskoe2.jpg\"><img decoding=\"async\" src=\"\/blog\/wp-content\/uploads\/2018\/thumbs\/thumbs_kansalaisuuskoe2.jpg\" \/><\/a><\/p>\n<p style=\"text-align: center;\"><em>Kansalaisuuskoe kokeili tietoutta<\/em><\/p>\n<p style=\"text-align: justify;\">Mit\u00e4 sitten tuokaan tullessaan alkava <a title=\"Kahdeksan vuotta Kanadassa\" href=\"https:\/\/www.vuosiamaailmalla.fi\/blog\/2020\/kahdeksan-vuotta-kanadassa\/\">kahdeksas vuotemme Kanadassa<\/a>? Ohjelmassa on tietenkin paljon laskettelua, <a title=\"Telttaviikonloppu Harrison Lakella\" href=\"https:\/\/www.vuosiamaailmalla.fi\/blog\/2019\/telttaviikonloppu-harrison-lakella\/\">telttailua<\/a> ja matkailua, sek\u00e4 todenn\u00e4k\u00f6isesti kahdet eri vieraat. Vuoden suurin matka keskittynee t\u00e4n\u00e4 vuonna matkailuun kotiprovinssissamme ja kahden vuoden tauon j\u00e4lkeen my\u00f6s perinteisen <a title=\"Joululoma nostalgisissa merkeiss\u00e4\" href=\"https:\/\/www.vuosiamaailmalla.fi\/blog\/2020\/joululoma-nostalgisissa-merkeissa\/\">joulumatkan Suomeen<\/a>. Syksyll\u00e4 tulemme my\u00f6s \u00e4\u00e4nest\u00e4m\u00e4\u00e4n <a title=\"Ensi kertaa Kanadan vaaliuurnilla\" href=\"https:\/\/www.vuosiamaailmalla.fi\/blog\/2019\/ensi-kertaa-kanadan-vaaliuurnilla\/\">ensimm\u00e4ist\u00e4 kertaa<\/a> Kanadan parlamenttivaaleissa.<\/p>\n<p style=\"text-align: justify;\">Asuntorintamalla tiedossa ei ole onneksi mit\u00e4\u00e4n muutoksia, sill\u00e4 nykyinen vuokrasopimuksemme ylt\u00e4\u00e4 aina vuoden 2020 loppuun saakka. Ty\u00f6kuvioissakin muutokset lienev\u00e4t pieni\u00e4, joten vuodesta voi olla tulossa sangen arkinen, mik\u00e4 ei haittaisi ollenkaan.<\/p>\n<p style=\"text-align: center;\"><a href=\"\/blog\/wp-content\/uploads\/2018\/lg_c8_oled5.jpg\"><img decoding=\"async\" src=\"\/blog\/wp-content\/uploads\/2018\/lg_c8_oled5.jpg\" \/><\/a><\/p>\n<p style=\"text-align: center;\"><em>Televisio vaihtui uuteen<\/em><\/p>\n<p style=\"text-align: justify;\">Jos jotain toivon on se, ett\u00e4 ehtisin tulevan vuoden aikana bloggaamaan viime aikoja enemm\u00e4n. Valitettavasti kiireinen ty\u00f6 sek\u00e4 muuton j\u00e4lkeiseen aikaan (ja esimerkiksi <a title=\"Silmi\u00e4 hivelev\u00e4 OLED\" href=\"https:\/\/www.vuosiamaailmalla.fi\/?p=9879\">uuteen televisioon<\/a>) totuttautumisessa on mennyt aikaa. Vuoden p\u00e4\u00e4st\u00e4 tied\u00e4n j\u00e4lleen paremmin mit\u00e4 vuosi toi tullessaan ja kirjoittelen siit\u00e4 tuolloin taas t\u00e4nne blogiin.<\/p>\n","protected":false},"excerpt":{"rendered":"<p>Vuoden vaihtuminen uuteen tarkoittaa, ett\u00e4 tammikuun lopulla tulee t\u00e4yteen j\u00e4lleen yksi vuosi Kanadassa. T\u00e4n\u00e4\u00e4n tuleekin kuluneeksi jo seitsem\u00e4n vuotta siit\u00e4, kun min\u00e4 saavuin yksin\u00e4isen\u00e4 ankkuriaviomiehen\u00e4 Vancouveriin aloittamaan el\u00e4m\u00e4\u00e4mme t\u00e4\u00e4ll\u00e4 uudella mantereella. Aikaa onkin siis vier\u00e4ht\u00e4nyt ja vett\u00e4 virrannut runsaasti Fraser Riveriss\u00e4.<\/p>\n","protected":false},"author":1,"featured_media":11909,"comment_status":"open","ping_status":"open","sticky":false,"template":"","format":"standard","meta":{"_jetpack_memberships_contains_paid_content":false,"footnotes":""},"categories":[17,3,4],"tags":[34,932,77,935,207,939],"class_list":["post-9935","post","type-post","status-publish","format-standard","has-post-thumbnail","hentry","category-arki-kanadassa","category-arki-ulkomailla","category-asuminen-kanadassa","tag-arki","tag-asunto","tag-burnaby","tag-kanada","tag-tyo","tag-vancouver"],"jetpack_featured_media_url":"https:\/\/www.vuosiamaailmalla.fi\/blog\/wp-content\/uploads\/kanadan_lippu_banner-1.jpg","jetpack_sharing_enabled":true,"_links":{"self":[{"href":"https:\/\/www.vuosiamaailmalla.fi\/blog\/wp-json\/wp\/v2\/posts\/9935","targetHints":{"allow":["GET"]}}],"collection":[{"href":"https:\/\/www.vuosiamaailmalla.fi\/blog\/wp-json\/wp\/v2\/posts"}],"about":[{"href":"https:\/\/www.vuosiamaailmalla.fi\/blog\/wp-json\/wp\/v2\/types\/post"}],"author":[{"embeddable":true,"href":"https:\/\/www.vuosiamaailmalla.fi\/blog\/wp-json\/wp\/v2\/users\/1"}],"replies":[{"embeddable":true,"href":"https:\/\/www.vuosiamaailmalla.fi\/blog\/wp-json\/wp\/v2\/comments?post=9935"}],"version-history":[{"count":3,"href":"https:\/\/www.vuosiamaailmalla.fi\/blog\/wp-json\/wp\/v2\/posts\/9935\/revisions"}],"predecessor-version":[{"id":12627,"href":"https:\/\/www.vuosiamaailmalla.fi\/blog\/wp-json\/wp\/v2\/posts\/9935\/revisions\/12627"}],"wp:featuredmedia":[{"embeddable":true,"href":"https:\/\/www.vuosiamaailmalla.fi\/blog\/wp-json\/wp\/v2\/media\/11909"}],"wp:attachment":[{"href":"https:\/\/www.vuosiamaailmalla.fi\/blog\/wp-json\/wp\/v2\/media?parent=9935"}],"wp:term":[{"taxonomy":"category","embeddable":true,"href":"https:\/\/www.vuosiamaailmalla.fi\/blog\/wp-json\/wp\/v2\/categories?post=9935"},{"taxonomy":"post_tag","embeddable":true,"href":"https:\/\/www.vuosiamaailmalla.fi\/blog\/wp-json\/wp\/v2\/tags?post=9935"}],"curies":[{"name":"wp","href":"https:\/\/api.w.org\/{rel}","templated":true}]}}