{"id":9978,"date":"2019-03-16T17:54:41","date_gmt":"2019-03-17T00:54:41","guid":{"rendered":"http:\/\/13.53.127.146\/?p=9978"},"modified":"2019-03-31T14:07:43","modified_gmt":"2019-03-31T21:07:43","slug":"paluu-mount-seymourin-rinteisiin","status":"publish","type":"post","link":"https:\/\/www.vuosiamaailmalla.fi\/blog\/2019\/paluu-mount-seymourin-rinteisiin\/","title":{"rendered":"Paluu Mount Seymourin rinteisiin"},"content":{"rendered":"<p style=\"text-align: justify;\">T\u00e4m\u00e4n talven sangen kohtuullinen laskettelukausi on vienyt meid\u00e4t suurimmaksi osaksi <a title=\"Metrin syvyisess\u00e4 puuterihangessa\" href=\"https:\/\/www.vuosiamaailmalla.fi\/?p=9930\">tuttuun Whistleriin<\/a>, mutta helmikuun hiihtolomalla k\u00e4vimme my\u00f6s <a title=\"Itsen\u00e4isyysp\u00e4iv\u00e4n retki Seattleen\" href=\"https:\/\/www.vuosiamaailmalla.fi\/?p=1199\">Seattlen<\/a> seudulla kokeilemassa <a title=\"Hiihtolomalla Seattlessa\" href=\"https:\/\/www.vuosiamaailmalla.fi\/?p=10012\">sik\u00e4l\u00e4isi\u00e4 rinteit\u00e4<\/a>. Valitettavasti ty\u00f6kuviot ovat kuitenkin pit\u00e4neet meid\u00e4t niin kiireisen\u00e4, ettemme ole kerenneet ollenkaan normaalisti useita kertoja talvessa nautittavaan ty\u00f6p\u00e4iv\u00e4n j\u00e4lkeiseen <a title=\"Y\u00f6ky\u00f6pelin\u00e4 Cypress Mountainilla\" href=\"https:\/\/www.vuosiamaailmalla.fi\/?p=7591\">iltam\u00e4keen l\u00e4hivuorilla<\/a>.<\/p>\n<p><!--more--><\/p>\n<p style=\"text-align: justify;\">Mieli on silti vet\u00e4nyt suksille ja niinp\u00e4 otimmekin t\u00e4ll\u00e4 viikolla itse\u00e4mme niskasta kiinni ja ajoimme keskiviikkona t\u00f6iden j\u00e4lkeen Mount Seymourille.<\/p>\n<p style=\"text-align: justify;\">Seymour on mukava l\u00e4hivuori ja olemme tehneet siell\u00e4 kes\u00e4aikaan <a title=\"Pilvihattaraa Mount Seymourilla\" href=\"https:\/\/www.vuosiamaailmalla.fi\/?p=7765\">useita vaelluksia<\/a>. Talvella olemme kuitenkin jostain syyst\u00e4 suosineet isompaa Cypress Mountainia sek\u00e4 hyv\u00e4n kelin vallitessa my\u00f6s hauskaa <a title=\"Kompurointia Grouse Mountainin illassa\" href=\"https:\/\/www.vuosiamaailmalla.fi\/?p=7653\">Grouse Mountainia<\/a>. Olemme itse asiassa olleet Seymourilla laskettelemassa ainoastaan kerran, vuonna 2012, juuri <a title=\"Maahanmuutto bisnesluokassa\" href=\"https:\/\/www.vuosiamaailmalla.fi\/?p=230\">Vancouveriin muutettuamme<\/a>. Tuolloin keli oli viel\u00e4p\u00e4 <a title=\"Laskettelua sadepilvess\u00e4\" href=\"https:\/\/www.vuosiamaailmalla.fi\/?p=192\">eritt\u00e4in huono<\/a>, joten Seymour on ollut t\u00e4ysin kokematta paremman kelin vallitessa. \ud83d\ude42<\/p>\n<p style=\"text-align: center;\"><a href=\"\/blog\/wp-content\/uploads\/2019\/seymourilla_laskettelemassa1.jpg\"><img decoding=\"async\" src=\"\/blog\/wp-content\/uploads\/2019\/thumbs\/thumbs_seymourilla_laskettelemassa1.jpg\" \/><\/a><a href=\"\/blog\/wp-content\/uploads\/2019\/seymourilla_laskettelemassa2.jpg\"><img decoding=\"async\" src=\"\/blog\/wp-content\/uploads\/2019\/thumbs\/thumbs_seymourilla_laskettelemassa2.jpg\" \/><\/a><a href=\"\/blog\/wp-content\/uploads\/2019\/seymourilla_laskettelemassa3.jpg\"><img decoding=\"async\" src=\"\/blog\/wp-content\/uploads\/2019\/thumbs\/thumbs_seymourilla_laskettelemassa3.jpg\" \/><\/a><\/p>\n<p style=\"text-align: center;\"><em>Mount Seymour sopii aloittelijoille<\/em><\/p>\n<p style=\"text-align: justify;\">Seitsem\u00e4n vuoden aikana kolmesta paikallisesta keskuksesta pienin Seymour on n\u00e4hnyt my\u00f6s investointeja ja nelj\u00e4 vuotta sitten ikivanha kahden hengen tuolihissi on korvattu nykyaikaisella nopealla nelj\u00e4n hengen versiolla. Sen ansiosta jonot ovat nykyisin harvinaisia ja keskuksen lyhyit\u00e4 m\u00e4ki\u00e4 p\u00e4\u00e4see laskemaan rivakasti.<\/p>\n<p style=\"text-align: justify;\">Pieni Mount Seymour on silti edelleenkin ja ehdimme laskea kaikki hyv\u00e4t rinteet useaan kertaan vain kahdessa tunnissa. T\u00e4ss\u00e4 mieless\u00e4 iltam\u00e4ki on hyv\u00e4 vaihtoehto Seymourin kokeiluun varsinkin, kun hissilipun voi saada alle 25 dollarilla!<\/p>\n<p style=\"text-align: justify;\">Nyt kellojen <a title=\"Tunnin l\u00e4hemp\u00e4n\u00e4 Suomea\" href=\"https:\/\/www.vuosiamaailmalla.fi\/?p=194\">siirrytty\u00e4 kes\u00e4aikaan<\/a>, Vancouverin illassa riitt\u00e4\u00e4 runsaasti valoa ja niinp\u00e4 emme ehtineet edes n\u00e4hd\u00e4 pime\u00e4n maisemaa ennen l\u00e4ht\u00f6\u00e4mme kotiin. Parituntinen Seymourilla oli mukavaa ulkoilua raikkaassa keliss\u00e4 ja hauskaa vaihtelua paljon tutumpiin l\u00e4hirinteisiin.<\/p>\n<p style=\"text-align: center;\"><a href=\"\/blog\/wp-content\/uploads\/2019\/seymourilla_laskettelemassa4.jpg\"><img decoding=\"async\" src=\"\/blog\/wp-content\/uploads\/2019\/seymourilla_laskettelemassa4.jpg\" \/><\/a><\/p>\n<p style=\"text-align: center;\"><em>Pime\u00e4 alkoi l\u00e4htiess\u00e4 vasta laskeutua<\/em><\/p>\n<p style=\"text-align: justify;\">Luin my\u00f6s uudelleen seitsem\u00e4n vuoden takaisin <a title=\"Laskettelua sadepilvess\u00e4\" href=\"https:\/\/www.vuosiamaailmalla.fi\/?p=192\">kirjoitukseni<\/a> ensikokemuksestamme ja on pakko yhty\u00e4 silloin sanomaani siit\u00e4, ett\u00e4 Seymour on hyv\u00e4 keskus lumilautailijoille, harjoittelijoille sek\u00e4 perheille. Se on edullinen ja sinne on helppo ajaa kaupungista, joten ei ole ihme ett\u00e4 keskuksella on oma vankka asiakaskuntansa.<\/p>\n","protected":false},"excerpt":{"rendered":"<p>T\u00e4m\u00e4n talven sangen kohtuullinen laskettelukausi on vienyt meid\u00e4t suurimmaksi osaksi tuttuun Whistleriin, mutta helmikuun hiihtolomalla k\u00e4vimme my\u00f6s Seattlen seudulla kokeilemassa sik\u00e4l\u00e4isi\u00e4 rinteit\u00e4. Valitettavasti ty\u00f6kuviot ovat kuitenkin pit\u00e4neet meid\u00e4t niin kiireisen\u00e4, ettemme ole kerenneet ollenkaan normaalisti useita kertoja talvessa nautittavaan ty\u00f6p\u00e4iv\u00e4n j\u00e4lkeiseen iltam\u00e4keen l\u00e4hivuorilla.<\/p>\n","protected":false},"author":1,"featured_media":9979,"comment_status":"open","ping_status":"open","sticky":false,"template":"","format":"standard","meta":{"_jetpack_memberships_contains_paid_content":false,"footnotes":""},"categories":[17,3,778,774],"tags":[34,935,173,181,184],"class_list":["post-9978","post","type-post","status-publish","format-standard","has-post-thumbnail","hentry","category-arki-kanadassa","category-arki-ulkomailla","category-laskettelu-ulkoilu","category-ulkoilu","tag-arki","tag-kanada","tag-laskettelu","tag-mount-seymour","tag-north-vancouver"],"jetpack_featured_media_url":"https:\/\/www.vuosiamaailmalla.fi\/blog\/wp-content\/uploads\/seymourilla_laskettelemassa_banner.jpg","jetpack_sharing_enabled":true,"_links":{"self":[{"href":"https:\/\/www.vuosiamaailmalla.fi\/blog\/wp-json\/wp\/v2\/posts\/9978","targetHints":{"allow":["GET"]}}],"collection":[{"href":"https:\/\/www.vuosiamaailmalla.fi\/blog\/wp-json\/wp\/v2\/posts"}],"about":[{"href":"https:\/\/www.vuosiamaailmalla.fi\/blog\/wp-json\/wp\/v2\/types\/post"}],"author":[{"embeddable":true,"href":"https:\/\/www.vuosiamaailmalla.fi\/blog\/wp-json\/wp\/v2\/users\/1"}],"replies":[{"embeddable":true,"href":"https:\/\/www.vuosiamaailmalla.fi\/blog\/wp-json\/wp\/v2\/comments?post=9978"}],"version-history":[{"count":0,"href":"https:\/\/www.vuosiamaailmalla.fi\/blog\/wp-json\/wp\/v2\/posts\/9978\/revisions"}],"wp:featuredmedia":[{"embeddable":true,"href":"https:\/\/www.vuosiamaailmalla.fi\/blog\/wp-json\/wp\/v2\/media\/9979"}],"wp:attachment":[{"href":"https:\/\/www.vuosiamaailmalla.fi\/blog\/wp-json\/wp\/v2\/media?parent=9978"}],"wp:term":[{"taxonomy":"category","embeddable":true,"href":"https:\/\/www.vuosiamaailmalla.fi\/blog\/wp-json\/wp\/v2\/categories?post=9978"},{"taxonomy":"post_tag","embeddable":true,"href":"https:\/\/www.vuosiamaailmalla.fi\/blog\/wp-json\/wp\/v2\/tags?post=9978"}],"curies":[{"name":"wp","href":"https:\/\/api.w.org\/{rel}","templated":true}]}}