{"id":9987,"date":"2019-03-23T12:47:51","date_gmt":"2019-03-23T19:47:51","guid":{"rendered":"http:\/\/13.53.127.146\/?p=9987"},"modified":"2025-03-17T23:25:04","modified_gmt":"2025-03-18T06:25:04","slug":"british-columbia-ylitti-5-miljoonaa-asukasta","status":"publish","type":"post","link":"https:\/\/www.vuosiamaailmalla.fi\/blog\/2019\/british-columbia-ylitti-5-miljoonaa-asukasta\/","title":{"rendered":"British Columbia ylitti 5 miljoonaa asukasta"},"content":{"rendered":"<p style=\"text-align: justify;\">Jos britishcolumbialaisista on tuntunut viime aikoina aiempaa ahtaammalta Vancouverin maanteill\u00e4 tai <a title=\"Broadway SkyTrain rakenteille\" href=\"https:\/\/www.vuosiamaailmalla.fi\/blog\/2020\/broadway-skytrain-rakenteille\/\"><em>Skytrainin<\/em> kyydiss\u00e4<\/a>, ei se ole sattumaa. Nimitt\u00e4in loppuvuodesta ohitettiin merkitt\u00e4v\u00e4 virstanpylv\u00e4s, kun British Columbian v\u00e4kiluku ylitti <strong>5 miljoonaa<\/strong> asukasta ensimm\u00e4ist\u00e4 kertaa historiassa. Provinssin v\u00e4kiluku onkin kasvanut vauhdilla ja meit\u00e4 oli <a title=\"Kasvava Kanada\" href=\"https:\/\/www.vuosiamaailmalla.fi\/blog\/2012\/kasvava-kanada\/\">seitsem\u00e4n vuotta sitten<\/a> t\u00e4nne muuttaessamme ainoastaan 4,4 miljoonaa. Alle vuosikymmeness\u00e4 v\u00e4est\u00f6 on siis kasvanut <a title=\"Turistina Helsingiss\u00e4\" href=\"https:\/\/www.vuosiamaailmalla.fi\/blog\/2020\/turistina-helsingissa\/\">Helsingin kaupungin<\/a> verran!<\/p>\n<p><!--more--><\/p>\n<p style=\"text-align: justify;\"><em>Aiheeseen liittyen lue my\u00f6s: <a title=\"Kanadan v\u00e4est\u00f6r\u00e4j\u00e4hdys\" href=\"https:\/\/www.vuosiamaailmalla.fi\/blog\/2023\/kanadan-vaestorajahdys\/\"><strong>Kanadan v\u00e4est\u00f6r\u00e4j\u00e4hdys<\/strong><\/a>.<\/em><\/p>\n<p style=\"text-align: justify;\">Ja t\u00e4m\u00e4 pelk\u00e4st\u00e4\u00e4n t\u00e4\u00e4ll\u00e4 British Columbiassa, sill\u00e4 meid\u00e4n Kanadassa asuttujen vuosien aikana <a title=\"34 miljoonaa kanadalaista\" href=\"https:\/\/www.vuosiamaailmalla.fi\/blog\/2012\/35-miljoonaa-kanadalaista\/\">koko maan v\u00e4est\u00f6<\/a> on kasvanut per\u00e4ti <strong>nelj\u00e4ll\u00e4 miljoonalla<\/strong> asukkaalla, ollen t\u00e4n\u00e4\u00e4n 37,4 miljoonaa. Lukema on kuitenkin ainoastaan arvio, sill\u00e4 Kanadassa suoritetaan <a title=\"Kanada laski v\u00e4est\u00f6ns\u00e4\" href=\"https:\/\/www.vuosiamaailmalla.fi\/blog\/2017\/kanada-laski-vaestonsa\/\">virallinen v\u00e4est\u00f6nlaskenta<\/a> vain joka viides vuosi ja seuraavaa saadaan odottaa <a title=\"Voimakkaasti kasvava v\u00e4est\u00f6\" href=\"https:\/\/www.vuosiamaailmalla.fi\/blog\/2022\/voimakkaasti-kasvava-vaesto\/\">vuoteen 2021 saakka<\/a>. Onkin mahdollista, ett\u00e4 tuolloin saatetaan h\u00e4tyytell\u00e4 jo <a title=\"Kanadan v\u00e4est\u00f6r\u00e4j\u00e4hdys\" href=\"https:\/\/www.vuosiamaailmalla.fi\/blog\/2023\/kanadan-vaestorajahdys\/\">40 miljoonan<\/a> maagista rajaa, varsinkin jos nykyinen liberaalihallitus selvi\u00e4\u00e4 <a title=\"Sekava vaalitulos\" href=\"https:\/\/www.vuosiamaailmalla.fi\/blog\/2019\/sekava-vaalitulos\/\">t\u00e4m\u00e4n vuoden vaaleista<\/a> voittajana.<\/p>\n<p style=\"text-align: justify;\">British Columbia on Kanadan kolmanneksi v\u00e4kirikkain provinssi, edell\u00e4\u00e4n it\u00e4isen Kanadan paljon suurempi 14,5 miljoonan asukkaan Ontario sek\u00e4 8,4 miljoonan asukkaan ranskalainen Quebec. V\u00e4est\u00f6 kasvaa kuitenkin voimakkaasti ymp\u00e4ri Kanadaa ja kovasta kasvusta huolimatta British Columbian odotetaan j\u00e4\u00e4v\u00e4n l\u00e4hivuosikymmenin\u00e4 j\u00e4lkeen naapuri Albertasta, jossa on nykyisin 4,3 miljoonaa asukasta. Alberta nimitt\u00e4in hy\u00f6tyy maahanmuuton lis\u00e4ksi my\u00f6s maan sis\u00e4isest\u00e4 muuttoliikkeest\u00e4, joka on suosinut <a title=\"Kanadan ty\u00f6llisyystilanne (2018)\" href=\"https:\/\/www.vuosiamaailmalla.fi\/blog\/2018\/kanadan-tyollisyystilanne-2018\/\">ty\u00f6llisyystilanteeltaan<\/a> hyv\u00e4\u00e4 Albertaa jo pitk\u00e4\u00e4n.<\/p>\n<p style=\"text-align: center;\"><a href=\"\/blog\/wp-content\/uploads\/2019\/nettomuutto.jpg\"><img decoding=\"async\" src=\"\/blog\/wp-content\/uploads\/2019\/nettomuutto.jpg\" \/><\/a><\/p>\n<p style=\"text-align: center;\"><em>Sis\u00e4inen muuttoliike suosii vain muutamia<\/em><\/p>\n<p style=\"text-align: justify;\">V\u00e4est\u00f6n nopeasta kasvusta kertoo, ett\u00e4 British Columbian v\u00e4kiluku on <strong>tuplaantunut<\/strong> sitten vuoden 1975. Valitettavasti iso osa kaupunkien perusinfrastruktuurista on kuitenkin edelleen kultaiselta 70-luvulta ja 44 vuodessa vain <a title=\"Port Mann Bridgen projekti valmis\" href=\"https:\/\/www.vuosiamaailmalla.fi\/blog\/2015\/port-mann-bridgen-projekti-valmis\/\">harva v\u00e4yl\u00e4<\/a> on n\u00e4hnyt <a title=\"Poliitikkojen vesitt\u00e4m\u00e4 suurhanke\" href=\"https:\/\/www.vuosiamaailmalla.fi\/blog\/2022\/poliitikkojen-pilaama-suurhanke\/\">tarvittavia investointeja<\/a>, mink\u00e4 vuoksi Kanadan kaupungeista on tullut <a title=\"Siet\u00e4m\u00e4tt\u00f6m\u00e4n ruuhkainen metropoli\" href=\"https:\/\/www.vuosiamaailmalla.fi\/blog\/2015\/sietamattoman-ruuhkainen-metropoli\/\">uskomattoman ruuhkaisia<\/a>.<\/p>\n<p style=\"text-align: justify;\">Vaikka v\u00e4est\u00f6 kasvaakin ymp\u00e4ri Kanadaa, jakautuu se edelleen alueellisesti hyvin ep\u00e4tasaisesti. Pinta-alaltaan Suomea <em>kolme<\/em> <em>kertaa suuremman<\/em> British Columbian alueella puolet &#8211; noin 2,5 miljoonaa ihmist\u00e4 &#8211; asuu Vancouverin metropolialueella ja hieman alle 400 000 asukasta l\u00e4heisen p\u00e4\u00e4kaupunki Victorian liepeill\u00e4. N\u00e4in ollen per\u00e4ti <a title=\"Kolmen miljoonan asukkaan Vancouver\" href=\"https:\/\/www.vuosiamaailmalla.fi\/blog\/2025\/kolmen-miljoonan-asukkaan-vancouver\/\">kolme miljoonaa ihmist\u00e4<\/a> asuu t\u00e4m\u00e4n valtavan provinssin \u00e4\u00e4rimm\u00e4isell\u00e4 lounaiskulmalla, toisen merkitt\u00e4v\u00e4n asutuskeskittym\u00e4n ollessa sis\u00e4maan Thompson-Okanagan alue noin 400 000 asukkaallaan. Sinnekin on vain 400 kilometri\u00e4 Vancouverista ja\u00a0 <a title=\"Todellinen pohjoinen\" href=\"https:\/\/www.vuosiamaailmalla.fi\/blog\/2016\/todellinen-pohjoinen\/\">todellisessa pohjoisessa<\/a> ainoa merkitt\u00e4v\u00e4 v\u00e4est\u00f6keskittym\u00e4 on noin 87 000 asukkaan Prince George, muiden keskusten ollessa hajanaisia pikkukaupunkeja.<\/p>\n<p style=\"text-align: center;\"><a href=\"\/blog\/wp-content\/uploads\/2019\/bc_asuintiheys.jpg\"><img decoding=\"async\" src=\"\/blog\/wp-content\/uploads\/2019\/bc_asuintiheys.jpg\" \/><\/a><\/p>\n<p style=\"text-align: center;\"><em>V\u00e4est\u00f6n ep\u00e4tasainen jakautuminen on ongelma<\/em><\/p>\n<p style=\"text-align: justify;\">Voimasta v\u00e4est\u00f6nkasvua on kiitt\u00e4minen <a title=\"Karannut kanadalainen unelma\" href=\"https:\/\/www.vuosiamaailmalla.fi\/blog\/2015\/karannut-kanadalainen-unelma\/\">Vancouverin asuntokriisist\u00e4<\/a>, joskin<a title=\"Vancouver yritt\u00e4\u00e4 verottaa tiens\u00e4 ulos asuntokriisist\u00e4\" href=\"https:\/\/www.vuosiamaailmalla.fi\/blog\/2016\/vancouver-yrittaa-verottaa-tiensa-ulos-asuntokriisista\/\"> keinottelulla<\/a> on ollut my\u00f6skin suuri merkitys tilanteeseen. On silti selv\u00e4\u00e4, ett\u00e4 sadat tuhannet uudet asukkaat vaativat valtavan m\u00e4\u00e4r\u00e4n uusia asuntoja, joita rakennusliikkeet ovat rakentaneet viime vuodet kaikkialle <a title=\"Rakennusnostureiden viidakko\" href=\"https:\/\/www.vuosiamaailmalla.fi\/blog\/2020\/rakennusnostureiden-viidakko\/\">valtavalla vimmalla<\/a>.<\/p>\n<p style=\"text-align: justify;\">Kasvu onkin kaksiter\u00e4inen miekka ja monien mielest\u00e4 <a title=\"Justin Trudeaun valtakauden p\u00e4\u00e4t\u00f6s\" href=\"https:\/\/www.vuosiamaailmalla.fi\/blog\/2025\/justin-trudeaun-valtakauden-paatos\/\">Trudeaun hallituksen<\/a> <a title=\"Kriisi Kanadan rajoilla\" href=\"https:\/\/www.vuosiamaailmalla.fi\/blog\/2017\/kriisi-kanadan-rajoilla\/\">hullut vuodet<\/a> ovat olleet liikaa maan kestokyvylle. <a title=\"Vaalit skandaalien varjossa\" href=\"https:\/\/www.vuosiamaailmalla.fi\/blog\/2019\/vaalit-skandaalien-varjossa\/\">Syksyn parlamenttivaaleista<\/a> voidaankin ennustaa kiintoisia, mutta on silti ep\u00e4todenn\u00e4k\u00f6ist\u00e4, ett\u00e4 Kanadan v\u00e4est\u00f6nkasvu pys\u00e4htyisi kokonaan. Niinp\u00e4 ennusteet 6 miljoonan britishcolumbialaisen rajan rikkoutumisesta joskus 2030-luvulla lieneekin enemm\u00e4n kuin todenn\u00e4k\u00f6ist\u00e4.<\/p>\n<p style=\"text-align: center;\"><a href=\"\/blog\/wp-content\/uploads\/2019\/bc_vaestoennuste.jpg\"><img decoding=\"async\" src=\"\/blog\/wp-content\/uploads\/2019\/bc_vaestoennuste.jpg\" \/><\/a><\/p>\n<p style=\"text-align: center;\"><em>Ennusteiden suunta on selke\u00e4<\/em><\/p>\n","protected":false},"excerpt":{"rendered":"<p>Jos britishcolumbialaisista on tuntunut viime aikoina aiempaa ahtaammalta Vancouverin maanteill\u00e4 tai Skytrainin kyydiss\u00e4, ei se ole sattumaa. Nimitt\u00e4in loppuvuodesta ohitettiin merkitt\u00e4v\u00e4 virstanpylv\u00e4s, kun British Columbian v\u00e4kiluku ylitti 5 miljoonaa asukasta ensimm\u00e4ist\u00e4 kertaa historiassa. Provinssin v\u00e4kiluku onkin kasvanut vauhdilla ja meit\u00e4 oli seitsem\u00e4n vuotta sitten t\u00e4nne muuttaessamme ainoastaan 4,4 miljoonaa. Alle vuosikymmeness\u00e4 v\u00e4est\u00f6 on siis kasvanut &hellip; <a href=\"https:\/\/www.vuosiamaailmalla.fi\/blog\/2019\/british-columbia-ylitti-5-miljoonaa-asukasta\/\" class=\"more-link\">Jatka lukemista<span class=\"screen-reader-text\"> &#8221;British Columbia ylitti 5 miljoonaa asukasta&#8221;<\/span><\/a><\/p>\n","protected":false},"author":1,"featured_media":9988,"comment_status":"open","ping_status":"open","sticky":false,"template":"","format":"standard","meta":{"_jetpack_memberships_contains_paid_content":false,"footnotes":""},"categories":[17,3,4],"tags":[25,935,939,1249],"class_list":["post-9987","post","type-post","status-publish","format-standard","has-post-thumbnail","hentry","category-arki-kanadassa","category-arki-ulkomailla","category-asuminen-kanadassa","tag-ajankohtaista","tag-kanada","tag-vancouver","tag-vaesto"],"jetpack_featured_media_url":"https:\/\/www.vuosiamaailmalla.fi\/blog\/wp-content\/uploads\/ruuhkaa_vancouverissa_banner.jpg","jetpack_sharing_enabled":true,"_links":{"self":[{"href":"https:\/\/www.vuosiamaailmalla.fi\/blog\/wp-json\/wp\/v2\/posts\/9987","targetHints":{"allow":["GET"]}}],"collection":[{"href":"https:\/\/www.vuosiamaailmalla.fi\/blog\/wp-json\/wp\/v2\/posts"}],"about":[{"href":"https:\/\/www.vuosiamaailmalla.fi\/blog\/wp-json\/wp\/v2\/types\/post"}],"author":[{"embeddable":true,"href":"https:\/\/www.vuosiamaailmalla.fi\/blog\/wp-json\/wp\/v2\/users\/1"}],"replies":[{"embeddable":true,"href":"https:\/\/www.vuosiamaailmalla.fi\/blog\/wp-json\/wp\/v2\/comments?post=9987"}],"version-history":[{"count":9,"href":"https:\/\/www.vuosiamaailmalla.fi\/blog\/wp-json\/wp\/v2\/posts\/9987\/revisions"}],"predecessor-version":[{"id":13936,"href":"https:\/\/www.vuosiamaailmalla.fi\/blog\/wp-json\/wp\/v2\/posts\/9987\/revisions\/13936"}],"wp:featuredmedia":[{"embeddable":true,"href":"https:\/\/www.vuosiamaailmalla.fi\/blog\/wp-json\/wp\/v2\/media\/9988"}],"wp:attachment":[{"href":"https:\/\/www.vuosiamaailmalla.fi\/blog\/wp-json\/wp\/v2\/media?parent=9987"}],"wp:term":[{"taxonomy":"category","embeddable":true,"href":"https:\/\/www.vuosiamaailmalla.fi\/blog\/wp-json\/wp\/v2\/categories?post=9987"},{"taxonomy":"post_tag","embeddable":true,"href":"https:\/\/www.vuosiamaailmalla.fi\/blog\/wp-json\/wp\/v2\/tags?post=9987"}],"curies":[{"name":"wp","href":"https:\/\/api.w.org\/{rel}","templated":true}]}}