{"id":9990,"date":"2019-01-26T16:46:45","date_gmt":"2019-01-27T00:46:45","guid":{"rendered":"http:\/\/13.53.127.146\/?p=9990"},"modified":"2020-02-08T18:37:21","modified_gmt":"2020-02-09T02:37:21","slug":"juhlat-louisianan-tapaan","status":"publish","type":"post","link":"https:\/\/www.vuosiamaailmalla.fi\/blog\/2019\/juhlat-louisianan-tapaan\/","title":{"rendered":"Juhlat Louisianan tapaan"},"content":{"rendered":"<p style=\"text-align: justify;\"><a title=\"Runsassateinen tammikuu\" href=\"https:\/\/www.vuosiamaailmalla.fi\/?p=10489\">Sateisen tammikuun<\/a> lopun jokavuotinen huipentuma ovat ty\u00f6nantajani j\u00e4rjest\u00e4m\u00e4t suuret talvijuhlat, jotka ovat pitk\u00e4n ja synk\u00e4n talvikauden piristys. Koska Vancouverin toimistomme on kooltaan parisen tuhatta henke\u00e4, on juhlien pitopaikaksi melkolailla vakiintunut <a title=\"Itsen\u00e4isyysp\u00e4iv\u00e4n juhlagaala Vancouverissa\" href=\"https:\/\/www.vuosiamaailmalla.fi\/?p=9379\">Vancouverin konferenssikeskuksen<\/a> l\u00e4nsisiipi, joka tarjoaa hyv\u00e4t puitteet sek\u00e4 keskeisen sijainnin muutaman tuhannen juhlavieraan juhlille. \ud83d\ude42<\/p>\n<p><!--more--><\/p>\n<p style=\"text-align: center;\"><a href=\"\/blog\/wp-content\/uploads\/2019\/nolo_yolo_juhla7.jpg\"><img decoding=\"async\" src=\"\/blog\/wp-content\/uploads\/2019\/nolo_yolo_juhla7.jpg\" \/><\/a><\/p>\n<p style=\"text-align: center;\"><em>Teema on joka vuosi eri<\/em><\/p>\n<p style=\"text-align: justify;\">Kyseisten juhlien j\u00e4rjest\u00e4misen t\u00e4ytyy olla melkoinen urakka ja painetta luovat aiempien vuosien nerokkat juhlat. Viimevuotinen <a title=\"Menneiden vuosikymmenten juhlat\" href=\"https:\/\/www.vuosiamaailmalla.fi\/?p=9442\">menneit\u00e4 vuosikymmeni\u00e4<\/a> yhdist\u00e4nyt teema oli loistava ja juhlat saivatkin runsaasti positiivista palautetta k\u00e4vij\u00f6ilt\u00e4. My\u00f6s aiempien vuosien juhlat ovat legendaarisessa maineessa, joskaan emme ole valitettavasti pystyneet vierailemaan niiss\u00e4 Niinan kanssa.<\/p>\n<p style=\"text-align: center;\"><a href=\"\/blog\/wp-content\/uploads\/2019\/komeana_juhlissa1.jpg\"><img decoding=\"async\" src=\"\/blog\/wp-content\/uploads\/2019\/thumbs\/thumbs_komeana_juhlissa1.jpg\" \/><\/a><a href=\"\/blog\/wp-content\/uploads\/2019\/komeana_juhlissa2.jpg\"><img decoding=\"async\" src=\"\/blog\/wp-content\/uploads\/2019\/thumbs\/thumbs_komeana_juhlissa2.jpg\" \/><\/a><\/p>\n<p style=\"text-align: center;\"><em>Teemaan sopiva pukeutuminen<\/em><\/p>\n<p style=\"text-align: justify;\">T\u00e4m\u00e4n vuoden teemana oli ennakkoon hieman mysteerinen <em>&#8221;You Only Live Once in Northern Louisiana&#8221;<\/em>, joka sai monet mietteli\u00e4\u00e4ksi miten pukeutua tapahtumaan. <a title=\"Mahtavan Mississippin p\u00e4\u00e4tepiste New Orleans\" href=\"https:\/\/www.vuosiamaailmalla.fi\/?p=9367\">New Orleans<\/a> ja r\u00e4meinen Louisiana antoivat kuitenkin\u00a0 ideoita pukeutumisesta helmiin sek\u00e4 karnevaalinaamioihin, joilla varustautuneina saavuimmekin juhlapaikalle.<\/p>\n<p style=\"text-align: center;\"><a href=\"\/blog\/wp-content\/uploads\/2019\/nolo_yolo_juhla8.jpg\"><img decoding=\"async\" src=\"\/blog\/wp-content\/uploads\/2019\/thumbs\/thumbs_nolo_yolo_juhla8.jpg\" \/><\/a><a href=\"\/blog\/wp-content\/uploads\/2019\/nolo_yolo_juhla9.jpg\"><img decoding=\"async\" src=\"\/blog\/wp-content\/uploads\/2019\/thumbs\/thumbs_nolo_yolo_juhla9.jpg\" \/><\/a><\/p>\n<p style=\"text-align: center;\"><em>Alkuillasta noutop\u00f6ydiss\u00e4 riitti sapuskaa<\/em><\/p>\n<p style=\"text-align: justify;\">Olimme normaaliin suomalaiseen tapaamme paikalle heti tapahtuman alkaessa, mik\u00e4 oli hyv\u00e4 idea, sill\u00e4 pitop\u00f6yd\u00e4t notkuivat viel\u00e4 tuolloin ruokaa ja p\u00f6ydiss\u00e4 oli tilaa istua. My\u00f6hemmin illasta ruoka p\u00e4\u00e4si loppumaan ja porukkaa oli niin paljon, ett\u00e4 ison osan loppuillasta joutui seisomaan.<\/p>\n<p style=\"text-align: center;\"><a href=\"\/blog\/wp-content\/uploads\/2019\/nolo_yolo_juhla5.jpg\"><img decoding=\"async\" src=\"\/blog\/wp-content\/uploads\/2019\/nolo_yolo_juhla5.jpg\" \/><\/a><\/p>\n<p style=\"text-align: center;\"><em>Esiintyji\u00e4 oli paikalla j\u00e4lleen runsaasti<\/em><\/p>\n<p style=\"text-align: justify;\">Konferenssikeskuksen l\u00e4nsisiipi oli jaettu t\u00e4ll\u00e4kin kertaa muutamaan erilliseen avoimeen alueeseen, joiden teemoja r\u00e4me, bigbang-yhtyeet sek\u00e4 kasino. Viime vuonna juhlapaikalla oli my\u00f6s runsaasti monenlaista tekemist\u00e4, mutta t\u00e4n\u00e4 vuonna tekeminen painottui enemm\u00e4nkin ihmisten kanssa seurusteluun sek\u00e4 kasinolla pelaamiseen.<\/p>\n<p style=\"text-align: center;\"><a href=\"\/blog\/wp-content\/uploads\/2019\/nolo_yolo_juhla1.jpg\"><img decoding=\"async\" src=\"\/blog\/wp-content\/uploads\/2019\/thumbs\/thumbs_nolo_yolo_juhla1.jpg\" \/><\/a><a href=\"\/blog\/wp-content\/uploads\/2019\/nolo_yolo_juhla3.jpg\"><img decoding=\"async\" src=\"\/blog\/wp-content\/uploads\/2019\/thumbs\/thumbs_nolo_yolo_juhla3.jpg\" \/><\/a><a href=\"\/blog\/wp-content\/uploads\/2019\/nolo_yolo_juhla4.jpg\"><img decoding=\"async\" src=\"\/blog\/wp-content\/uploads\/2019\/thumbs\/thumbs_nolo_yolo_juhla4.jpg\" \/><\/a><\/p>\n<p style=\"text-align: center;\"><em>Kivasti teemoitettu juhlatila<\/em><\/p>\n<p style=\"text-align: justify;\">Paikalla oli normaaliin tapaan runsaasti n\u00e4yttelij\u00f6it\u00e4 sek\u00e4 esiintyji\u00e4, jotka viihdyttiv\u00e4t yleis\u00f6\u00e4 ohjelmallaan ja musiikillaan. Todenn\u00e4k\u00f6isesti koko juhlien suosituin hahmo oli &#8221;j\u00e4lkiruokakuningatar&#8221;, jonka helmojen tasanteilta vieraat pystyiv\u00e4t noutamaan herkkuja nautittaviksi. Hahmo saikin poseerata varmasti jokaisen vieraan valokuvassa!<\/p>\n<p style=\"text-align: center;\"><a href=\"\/blog\/wp-content\/uploads\/2019\/nolo_yolo_juhla2.jpg\"><img decoding=\"async\" src=\"\/blog\/wp-content\/uploads\/2019\/thumbs\/thumbs_nolo_yolo_juhla2.jpg\" \/><\/a><\/p>\n<p style=\"text-align: center;\"><em>J\u00e4lkiruokaleidi oli suosittu<\/em><\/p>\n<p style=\"text-align: justify;\">Meill\u00e4 oli Niinan kanssa hauska ilta, mutta l\u00e4hdimme silti kotiin paljon ennen valomerkki\u00e4. Juhlapaikka alkoi olla illasta niin t\u00e4ynn\u00e4, ett\u00e4 tuttujen l\u00f6yt\u00e4minen oli todella vaikeaa ja keskustelun k\u00e4yminen hankalaa. Nyt kahdet talvijuhlat kokeneena voikin vain mietti\u00e4, mit\u00e4h\u00e4n juhlien suunnittelijat mahtavatkaan keksi\u00e4 <a title=\"Juhlat Maan kiertoradalla\" href=\"https:\/\/www.vuosiamaailmalla.fi\/?p=10497\">ensi vuodeksi<\/a>? \ud83d\ude42<\/p>\n<p style=\"text-align: center;\"><a href=\"\/blog\/wp-content\/uploads\/2019\/komeana_juhlissa3.jpg\"><img decoding=\"async\" src=\"\/blog\/wp-content\/uploads\/2019\/komeana_juhlissa3.jpg\" \/><\/a><\/p>\n<p style=\"text-align: center;\"><em>Tyylikk\u00e4\u00e4n\u00e4 juhlissa<\/em><\/p>\n","protected":false},"excerpt":{"rendered":"<p>Sateisen tammikuun lopun jokavuotinen huipentuma ovat ty\u00f6nantajani j\u00e4rjest\u00e4m\u00e4t suuret talvijuhlat, jotka ovat pitk\u00e4n ja synk\u00e4n talvikauden piristys. Koska Vancouverin toimistomme on kooltaan parisen tuhatta henke\u00e4, on juhlien pitopaikaksi melkolailla vakiintunut Vancouverin konferenssikeskuksen l\u00e4nsisiipi, joka tarjoaa hyv\u00e4t puitteet sek\u00e4 keskeisen sijainnin muutaman tuhannen juhlavieraan juhlille. \ud83d\ude42<\/p>\n","protected":false},"author":1,"featured_media":9992,"comment_status":"open","ping_status":"open","sticky":false,"template":"","format":"standard","meta":{"_jetpack_memberships_contains_paid_content":false,"footnotes":""},"categories":[17,3,13],"tags":[25,34,133,935,207,939,211],"class_list":["post-9990","post","type-post","status-publish","format-standard","has-post-thumbnail","hentry","category-arki-kanadassa","category-arki-ulkomailla","category-tyoskentely-kanadassa","tag-ajankohtaista","tag-arki","tag-hassua","tag-kanada","tag-tyo","tag-vancouver","tag-vancouver-coal-harbour"],"jetpack_featured_media_url":"https:\/\/www.vuosiamaailmalla.fi\/blog\/wp-content\/uploads\/nolo_yolo_juhla_banner.jpg","jetpack_sharing_enabled":true,"_links":{"self":[{"href":"https:\/\/www.vuosiamaailmalla.fi\/blog\/wp-json\/wp\/v2\/posts\/9990","targetHints":{"allow":["GET"]}}],"collection":[{"href":"https:\/\/www.vuosiamaailmalla.fi\/blog\/wp-json\/wp\/v2\/posts"}],"about":[{"href":"https:\/\/www.vuosiamaailmalla.fi\/blog\/wp-json\/wp\/v2\/types\/post"}],"author":[{"embeddable":true,"href":"https:\/\/www.vuosiamaailmalla.fi\/blog\/wp-json\/wp\/v2\/users\/1"}],"replies":[{"embeddable":true,"href":"https:\/\/www.vuosiamaailmalla.fi\/blog\/wp-json\/wp\/v2\/comments?post=9990"}],"version-history":[{"count":0,"href":"https:\/\/www.vuosiamaailmalla.fi\/blog\/wp-json\/wp\/v2\/posts\/9990\/revisions"}],"wp:featuredmedia":[{"embeddable":true,"href":"https:\/\/www.vuosiamaailmalla.fi\/blog\/wp-json\/wp\/v2\/media\/9992"}],"wp:attachment":[{"href":"https:\/\/www.vuosiamaailmalla.fi\/blog\/wp-json\/wp\/v2\/media?parent=9990"}],"wp:term":[{"taxonomy":"category","embeddable":true,"href":"https:\/\/www.vuosiamaailmalla.fi\/blog\/wp-json\/wp\/v2\/categories?post=9990"},{"taxonomy":"post_tag","embeddable":true,"href":"https:\/\/www.vuosiamaailmalla.fi\/blog\/wp-json\/wp\/v2\/tags?post=9990"}],"curies":[{"name":"wp","href":"https:\/\/api.w.org\/{rel}","templated":true}]}}